{"id":22851,"date":"2022-03-03T11:19:24","date_gmt":"2022-03-03T10:19:24","guid":{"rendered":"https:\/\/agora.xtec.cat\/iecadaques\/?p=22851"},"modified":"2022-03-03T11:19:24","modified_gmt":"2022-03-03T10:19:24","slug":"dia-de-la-pau","status":"publish","type":"post","link":"https:\/\/agora.xtec.cat\/iecadaques\/general\/dia-de-la-pau\/","title":{"rendered":"Dia de la pau"},"content":{"rendered":"<p><span style=\"font-weight: 400;\">A l\u2019Institut i l\u2019escola vam celebrar el dia de la Pau, fent un taller conjunt\u00a0 inspirat en els tallers que realitza Herv\u00e9 Tullet. Tots els alumnes de prim\u00e0ria van pintar de manera espont\u00e0nia un jard\u00ed de flors per la Pau gegant amb ajuda dels alumnes de secund\u00e0ria. Tamb\u00e9 tots els grups de secund\u00e0ria van crear un \u201cedifici de poemes per la Pau\u201d.<\/span><\/p>\n<p><span style=\"font-weight: 400;\">Al final del taller els alumnes de secund\u00e0ria van cantar Imagine, mentre que diferents cursos passaven veient el resultat del \u201cm\u00f3n en Pau\u201d que tots plegats havien constru\u00eft.<\/span><\/p>\n<p><span style=\"font-weight: 400;\"><a href=\"https:\/\/agora.xtec.cat\/iecadaques\/img_1104\/\"><img loading=\"lazy\" decoding=\"async\" class=\"alignnone  wp-image-22853 aligncenter\" src=\"https:\/\/agora.xtec.cat\/iecadaques\/wp-content\/uploads\/usu1969\/2022\/03\/IMG_1104-1024x845.jpg\" alt=\"\" width=\"546\" height=\"451\" srcset=\"https:\/\/agora.xtec.cat\/iecadaques\/wp-content\/uploads\/usu1969\/2022\/03\/IMG_1104-1024x845.jpg 1024w, https:\/\/agora.xtec.cat\/iecadaques\/wp-content\/uploads\/usu1969\/2022\/03\/IMG_1104-300x247.jpg 300w, https:\/\/agora.xtec.cat\/iecadaques\/wp-content\/uploads\/usu1969\/2022\/03\/IMG_1104-768x633.jpg 768w, https:\/\/agora.xtec.cat\/iecadaques\/wp-content\/uploads\/usu1969\/2022\/03\/IMG_1104-1536x1267.jpg 1536w, https:\/\/agora.xtec.cat\/iecadaques\/wp-content\/uploads\/usu1969\/2022\/03\/IMG_1104-2048x1689.jpg 2048w\" sizes=\"auto, (max-width: 546px) 100vw, 546px\" \/><\/a><\/span><\/p>\n","protected":false},"excerpt":{"rendered":"<p>A l\u2019Institut i l\u2019escola vam celebrar el dia de la Pau, fent un taller conjunt\u00a0 inspirat en els tallers que realitza Herv\u00e9 Tullet. Tots els alumnes de prim\u00e0ria van pintar de manera espont\u00e0nia un jard\u00ed de flors per la Pau gegant amb ajuda dels alumnes&hellip;  <a href=\"https:\/\/agora.xtec.cat\/iecadaques\/general\/dia-de-la-pau\/\" title=\"Read Dia de la pau\">Llegeix m\u00e9s\u00bb<\/a><\/p>\n","protected":false},"author":1,"featured_media":22853,"comment_status":"closed","ping_status":"closed","sticky":false,"template":"","format":"standard","meta":{"_bbp_topic_count":0,"_bbp_reply_count":0,"_bbp_total_topic_count":0,"_bbp_total_reply_count":0,"_bbp_voice_count":0,"_bbp_anonymous_reply_count":0,"_bbp_topic_count_hidden":0,"_bbp_reply_count_hidden":0,"_bbp_forum_subforum_count":0,"footnotes":""},"categories":[157,158,159,167,1,169,29],"tags":[121,180,120,181,131,182,129,183,184,128,127,176],"class_list":["post-22851","post","type-post","status-publish","format-standard","has-post-thumbnail","hentry","category-ci","category-cm","category-cs","category-eso","category-general","category-ei","category-portada","tag-eso1","tag-pri1","tag-eso2","tag-pri2","tag-eso3","tag-pri3","tag-eso4","tag-pri4","tag-pri5","tag-art","tag-celebracions","tag-social"],"post_mailing_queue_ids":[],"_links":{"self":[{"href":"https:\/\/agora.xtec.cat\/iecadaques\/wp-json\/wp\/v2\/posts\/22851","targetHints":{"allow":["GET"]}}],"collection":[{"href":"https:\/\/agora.xtec.cat\/iecadaques\/wp-json\/wp\/v2\/posts"}],"about":[{"href":"https:\/\/agora.xtec.cat\/iecadaques\/wp-json\/wp\/v2\/types\/post"}],"author":[{"embeddable":true,"href":"https:\/\/agora.xtec.cat\/iecadaques\/wp-json\/wp\/v2\/users\/1"}],"replies":[{"embeddable":true,"href":"https:\/\/agora.xtec.cat\/iecadaques\/wp-json\/wp\/v2\/comments?post=22851"}],"version-history":[{"count":2,"href":"https:\/\/agora.xtec.cat\/iecadaques\/wp-json\/wp\/v2\/posts\/22851\/revisions"}],"predecessor-version":[{"id":22854,"href":"https:\/\/agora.xtec.cat\/iecadaques\/wp-json\/wp\/v2\/posts\/22851\/revisions\/22854"}],"wp:featuredmedia":[{"embeddable":true,"href":"https:\/\/agora.xtec.cat\/iecadaques\/wp-json\/wp\/v2\/media\/22853"}],"wp:attachment":[{"href":"https:\/\/agora.xtec.cat\/iecadaques\/wp-json\/wp\/v2\/media?parent=22851"}],"wp:term":[{"taxonomy":"category","embeddable":true,"href":"https:\/\/agora.xtec.cat\/iecadaques\/wp-json\/wp\/v2\/categories?post=22851"},{"taxonomy":"post_tag","embeddable":true,"href":"https:\/\/agora.xtec.cat\/iecadaques\/wp-json\/wp\/v2\/tags?post=22851"}],"curies":[{"name":"wp","href":"https:\/\/api.w.org\/{rel}","templated":true}]}}