{"id":22828,"date":"2022-02-16T10:25:20","date_gmt":"2022-02-16T09:25:20","guid":{"rendered":"https:\/\/agora.xtec.cat\/iecadaques\/?p=22828"},"modified":"2022-02-16T10:33:02","modified_gmt":"2022-02-16T09:33:02","slug":"conferencia-el-nostre-planeta-el-nostres-compromis","status":"publish","type":"post","link":"https:\/\/agora.xtec.cat\/iecadaques\/general\/conferencia-el-nostre-planeta-el-nostres-compromis\/","title":{"rendered":"Confer\u00e8ncia &#8220;El nostre planeta, el nostres comprom\u00eds&#8221;"},"content":{"rendered":"<p class=\"Standard\" style=\"text-align: justify; text-justify: inter-ideograph; line-height: 115%;\"><span lang=\"CA\" style=\"font-family: 'Arial',sans-serif;\">El vint-i-set de gener, l\u2019alumnat de Cicle Superior de Prim\u00e0ria i primer d\u2019ESO del Centre, va participar en la Confer\u00e8ncia \u00abEl nostre planeta, el nostre comprom\u00eds\u00bb duta a terme per N\u00faria Burgada, mare de K\u00edlian Jornet i mestra jubilada compromesa amb el medi ambient.<\/span><\/p>\n<p class=\"Standard\" style=\"text-align: justify; text-justify: inter-ideograph; line-height: 115%;\"><a href=\"https:\/\/agora.xtec.cat\/iecadaques\/targeto-fkj\/\"><img loading=\"lazy\" decoding=\"async\" class=\"wp-image-22831 aligncenter\" src=\"https:\/\/agora.xtec.cat\/iecadaques\/wp-content\/uploads\/usu1969\/2022\/02\/Targeto-FKJ-1024x578.png\" alt=\"\" width=\"491\" height=\"277\" srcset=\"https:\/\/agora.xtec.cat\/iecadaques\/wp-content\/uploads\/usu1969\/2022\/02\/Targeto-FKJ-1024x578.png 1024w, https:\/\/agora.xtec.cat\/iecadaques\/wp-content\/uploads\/usu1969\/2022\/02\/Targeto-FKJ-300x169.png 300w, https:\/\/agora.xtec.cat\/iecadaques\/wp-content\/uploads\/usu1969\/2022\/02\/Targeto-FKJ-768x434.png 768w, https:\/\/agora.xtec.cat\/iecadaques\/wp-content\/uploads\/usu1969\/2022\/02\/Targeto-FKJ.png 1404w\" sizes=\"auto, (max-width: 491px) 100vw, 491px\" \/><\/a><\/p>\n<p>&nbsp;<\/p>\n<p class=\"Textbody\" style=\"margin-bottom: 0cm; text-align: justify; text-justify: inter-ideograph;\"><span lang=\"CA\" style=\"font-family: 'Arial',sans-serif;\">Aquesta xerrada s\u2019emmarca dins de ses accions de la Xarxa d\u2019escoles del Parc Na<\/span><span style=\"font-family: Arial, sans-serif; font-size: 1em;\">tural del Cap de Creus. Va ser seguida per ses tretze escoles de la zona del parc. S\u2019hi van connectar 55 aules amb m\u00e9s de 800 alumnes.<\/span><\/p>\n<p class=\"Textbody\" style=\"margin-bottom: 0cm; text-align: justify; text-justify: inter-ideograph;\"><span style=\"font-family: Arial, sans-serif; font-size: 1em;\">\u00a0 \u00a0 \u00a0 \u00a0 \u00a0 \u00a0 \u00a0 \u00a0 \u00a0 \u00a0 \u00a0 \u00a0 \u00a0 \u00a0 \u00a0 \u00a0 \u00a0 \u00a0 \u00a0 \u00a0 \u00a0 \u00a0 \u00a0 \u00a0 \u00a0 \u00a0 \u00a0 \u00a0 \u00a0 \u00a0 \u00a0 \u00a0 \u00a0 \u00a0 \u00a0 \u00a0 \u00a0 \u00a0 \u00a0 \u00a0 \u00a0 \u00a0<video style=\"background-image: url('img\/object.gif'); font-family: Arial, sans-serif;\" controls=\"controls\" width=\"262\" height=\"262\"><source src=\"https:\/\/agora.xtec.cat\/iecadaques\/wp-content\/uploads\/usu1969\/2022\/02\/IMG_4507-1.mov\" \/><\/video><\/span><\/p>\n<p class=\"Textbody\" style=\"margin-bottom: 0cm; text-align: justify; text-justify: inter-ideograph;\"><span lang=\"CA\" style=\"font-family: 'Arial',sans-serif;\">\u00a0 \u00a0 \u00a0 \u00a0 \u00a0 \u00a0 \u00a0 \u00a0 \u00a0 \u00a0 \u00a0 \u00a0 \u00a0 \u00a0 \u00a0 \u00a0 \u00a0 \u00a0 \u00a0 \u00a0 \u00a0 \u00a0 \u00a0 \u00a0 \u00a0 \u00a0 \u00a0 \u00a0 \u00a0 \u00a0 \u00a0 \u00a0 \u00a0 \u00a0 \u00a0 \u00a0 \u00a0 \u00a0<\/span><\/p>\n<p class=\"Textbody\" style=\"margin-bottom: 0cm; text-align: justify; text-justify: inter-ideograph;\"><span lang=\"CA\" style=\"font-family: 'Arial',sans-serif;\">Vam estar una bona estona parlant de sa nostra relaci\u00f3 amb el Planeta. La N\u00faria mos va explicar quines haurien de ser ses nostres actituds de respecte i comprom\u00eds amb la natura des de la reflexi\u00f3 de q\u00fcestions, entre atres, com:<\/span><\/p>\n<p class=\"Textbody\" style=\"margin-bottom: 0cm; text-align: justify; text-justify: inter-ideograph;\"><span lang=\"CA\" style=\"font-family: 'Arial',sans-serif;\">Quin \u00e9s el comprom\u00eds amb mi mateix? Quin \u00e9s es meu comprom\u00eds amb l\u2019escola? Quin \u00e9s es meu comprom\u00eds amb es meu municipi? Quin \u00e9s es meu comprom\u00eds amb es meu entorn m\u00e9s proper?<\/span><\/p>\n<p class=\"Standard\" style=\"text-align: justify; text-justify: inter-ideograph; line-height: 115%;\"><span lang=\"CA\" style=\"font-family: 'Arial',sans-serif;\">\u00a0<\/span><\/p>\n<p class=\"Standard\" style=\"text-align: justify; text-justify: inter-ideograph; line-height: 115%;\"><span lang=\"CA\" style=\"font-family: 'Arial',sans-serif;\">La valoraci\u00f3 per part d\u2019alumnat i docents participants ha estat molt positiva.<\/span><\/p>\n","protected":false},"excerpt":{"rendered":"<p>El vint-i-set de gener, l\u2019alumnat de Cicle Superior de Prim\u00e0ria i primer d\u2019ESO del Centre, va participar en la Confer\u00e8ncia \u00abEl nostre planeta, el nostre comprom\u00eds\u00bb duta a terme per N\u00faria Burgada, mare de K\u00edlian Jornet i mestra jubilada compromesa amb el medi ambient.<br \/>\n<a href=\"https:\/\/agora.xtec.cat\/iecadaques\/targeto-fkj\/\"><\/a><br \/>\n&nbsp;<br \/>\nAquesta&hellip;  <a href=\"https:\/\/agora.xtec.cat\/iecadaques\/general\/conferencia-el-nostre-planeta-el-nostres-compromis\/\" title=\"Read Confer\u00e8ncia &#8220;El nostre planeta, el nostres comprom\u00eds&#8221;\">Llegeix m\u00e9s\u00bb<\/a><\/p>\n","protected":false},"author":1,"featured_media":22831,"comment_status":"closed","ping_status":"closed","sticky":false,"template":"","format":"standard","meta":{"_bbp_topic_count":0,"_bbp_reply_count":0,"_bbp_total_topic_count":0,"_bbp_total_reply_count":0,"_bbp_voice_count":0,"_bbp_anonymous_reply_count":0,"_bbp_topic_count_hidden":0,"_bbp_reply_count_hidden":0,"_bbp_forum_subforum_count":0,"footnotes":""},"categories":[157,158,159,167,1,29,221],"tags":[121,180,120,181,131,182,129,183,184,185,176,58],"class_list":["post-22828","post","type-post","status-publish","format-standard","has-post-thumbnail","hentry","category-ci","category-cm","category-cs","category-eso","category-general","category-portada","category-salut","tag-eso1","tag-pri1","tag-eso2","tag-pri2","tag-eso3","tag-pri3","tag-eso4","tag-pri4","tag-pri5","tag-pri6","tag-social","tag-xerradestaller"],"post_mailing_queue_ids":[],"_links":{"self":[{"href":"https:\/\/agora.xtec.cat\/iecadaques\/wp-json\/wp\/v2\/posts\/22828","targetHints":{"allow":["GET"]}}],"collection":[{"href":"https:\/\/agora.xtec.cat\/iecadaques\/wp-json\/wp\/v2\/posts"}],"about":[{"href":"https:\/\/agora.xtec.cat\/iecadaques\/wp-json\/wp\/v2\/types\/post"}],"author":[{"embeddable":true,"href":"https:\/\/agora.xtec.cat\/iecadaques\/wp-json\/wp\/v2\/users\/1"}],"replies":[{"embeddable":true,"href":"https:\/\/agora.xtec.cat\/iecadaques\/wp-json\/wp\/v2\/comments?post=22828"}],"version-history":[{"count":3,"href":"https:\/\/agora.xtec.cat\/iecadaques\/wp-json\/wp\/v2\/posts\/22828\/revisions"}],"predecessor-version":[{"id":22850,"href":"https:\/\/agora.xtec.cat\/iecadaques\/wp-json\/wp\/v2\/posts\/22828\/revisions\/22850"}],"wp:featuredmedia":[{"embeddable":true,"href":"https:\/\/agora.xtec.cat\/iecadaques\/wp-json\/wp\/v2\/media\/22831"}],"wp:attachment":[{"href":"https:\/\/agora.xtec.cat\/iecadaques\/wp-json\/wp\/v2\/media?parent=22828"}],"wp:term":[{"taxonomy":"category","embeddable":true,"href":"https:\/\/agora.xtec.cat\/iecadaques\/wp-json\/wp\/v2\/categories?post=22828"},{"taxonomy":"post_tag","embeddable":true,"href":"https:\/\/agora.xtec.cat\/iecadaques\/wp-json\/wp\/v2\/tags?post=22828"}],"curies":[{"name":"wp","href":"https:\/\/api.w.org\/{rel}","templated":true}]}}