{"id":22826,"date":"2022-02-09T14:59:04","date_gmt":"2022-02-09T13:59:04","guid":{"rendered":"https:\/\/agora.xtec.cat\/iecadaques\/?p=22826"},"modified":"2022-02-09T14:59:04","modified_gmt":"2022-02-09T13:59:04","slug":"jornada-setmana-de-la-ciencia","status":"publish","type":"post","link":"https:\/\/agora.xtec.cat\/iecadaques\/portada\/jornada-setmana-de-la-ciencia\/","title":{"rendered":"Jornada setmana de la ci\u00e8ncia"},"content":{"rendered":"<p style=\"text-align: justify;\"><span style=\"font-weight: 400;\">El passat 19 de novembre i dins de la celebraci\u00f3 de la Setmana de la Ci\u00e8ncia que aquest any\u00a0 ha estat dedicada a la Sostenibilitat, tot l\u2019alumnat del centre, des de P3 fins a 4t d\u2019ESO, van realitzar un acte simb\u00f2lic de recollida selectiva de pl\u00e0stics, envasos&#8230; generats a casa al llarg d\u2019un dia.<\/span><\/p>\n<p style=\"text-align: justify;\"><span style=\"font-weight: 400;\">Cada grup-classe va fer una sessi\u00f3 de conscienciaci\u00f3 a l\u2019aula sobre la import\u00e0ncia de reduir la utilitzaci\u00f3 de pl\u00e0stics pel medi ambient i va elaborar un esl\u00f2gan per llegir-lo davant la resta de companys i companyes. Despr\u00e9s, cada classe\u00a0 va dipositar els seus residus a l\u2019interior d\u2019un contenidor de forma cil\u00edndrica i els alumnes de 2n d\u2019ESO van calcular el volum total recollit que ha estat de<\/span><b> 2,85 m<\/b><b>3<\/b><b>. <\/b><span style=\"font-weight: 400;\">Impressionant, per\u00f2 excessiu!\u00a0<\/span><\/p>\n<p style=\"text-align: justify;\"><span style=\"font-weight: 400;\">La finalitat d\u2019aquest acte va ser que els nostres alumnes i tots plegats prenguem consci\u00e8ncia de la gran quantitat de residus que es generen en un dia i que, cal reduir el consum per tal de preservar el nostre planeta.<\/span><\/p>\n<p style=\"text-align: justify;\"><span style=\"font-weight: 400;\">\u00a0El nostre repte, repetir l\u2019experi\u00e8ncia el proper curs i aconseguir disminuir el volum recollit a la meitat, a veure si ho fem possible entre tots !\u00a0<\/span><\/p>\n\r\n\t<div class=\"slideshow_container slideshow_container_style-light\" style=\"height: 600px; \" data-slideshow-id=\"22821\" data-style-name=\"style-light\" data-style-version=\"2.3.1\" >\r\n\r\n\t\t\t\t\t<div class=\"slideshow_loading_icon\"><\/div>\r\n\t\t\r\n\t\t<div class=\"slideshow_content\" style=\"display: none;\">\r\n\r\n\t\t\t<div class=\"slideshow_view\">\r\n\t\t\t\t<div class=\"slideshow_slide slideshow_slide_image\">\r\n\t\t\t\t\t\t\t\t\t\t\t<img src=\"https:\/\/agora.xtec.cat\/iecadaques\/wp-content\/uploads\/usu1969\/2022\/02\/PHOTO-2021-11-22-13-21-47.jpg\" alt=\"PHOTO-2021-11-22-13-21-47\" width=\"1024\" height=\"1024\" \/>\r\n\t\t\t\t\t\t\t\t\t\t<div class=\"slideshow_description_box slideshow_transparent\">\r\n\t\t\t\t\t\t\t\t\t\t\t\t\t\t\t\t\t<\/div>\r\n\t\t\t\t<\/div>\r\n\r\n\t\t\t\t\t\t<div style=\"clear: both;\"><\/div><\/div><div class=\"slideshow_view\">\r\n\t\t\t\t<div class=\"slideshow_slide slideshow_slide_image\">\r\n\t\t\t\t\t\t\t\t\t\t\t<img src=\"https:\/\/agora.xtec.cat\/iecadaques\/wp-content\/uploads\/usu1969\/2022\/02\/PHOTO-2021-11-22-13-21-48-1.jpg\" alt=\"PHOTO-2021-11-22-13-21-48 (1)\" width=\"1024\" height=\"768\" \/>\r\n\t\t\t\t\t\t\t\t\t\t<div class=\"slideshow_description_box slideshow_transparent\">\r\n\t\t\t\t\t\t\t\t\t\t\t\t\t\t\t\t\t<\/div>\r\n\t\t\t\t<\/div>\r\n\r\n\t\t\t\t\t\t<div style=\"clear: both;\"><\/div><\/div><div class=\"slideshow_view\">\r\n\t\t\t\t<div class=\"slideshow_slide slideshow_slide_image\">\r\n\t\t\t\t\t\t\t\t\t\t\t<img src=\"https:\/\/agora.xtec.cat\/iecadaques\/wp-content\/uploads\/usu1969\/2022\/02\/PHOTO-2021-11-22-13-21-48.jpg\" alt=\"PHOTO-2021-11-22-13-21-48\" width=\"1024\" height=\"768\" \/>\r\n\t\t\t\t\t\t\t\t\t\t<div class=\"slideshow_description_box slideshow_transparent\">\r\n\t\t\t\t\t\t\t\t\t\t\t\t\t\t\t\t\t<\/div>\r\n\t\t\t\t<\/div>\r\n\r\n\t\t\t\t\t\t<div style=\"clear: both;\"><\/div><\/div>\r\n\t\t<\/div>\r\n\r\n\t\t<div class=\"slideshow_controlPanel slideshow_transparent\" style=\"display: none;\"><ul><li class=\"slideshow_togglePlay\" data-play-text=\"Visualitza\" data-pause-text=\"Pausa\"><\/li><\/ul><\/div>\r\n\r\n\t\t<div class=\"slideshow_button slideshow_previous slideshow_transparent\" role=\"button\" data-previous-text=\"Anterior\" style=\"display: none;\"><\/div>\r\n\t\t<div class=\"slideshow_button slideshow_next slideshow_transparent\" role=\"button\" data-next-text=\"Seg\u00fcent\" style=\"display: none;\"><\/div>\r\n\r\n\t\t<div class=\"slideshow_pagination\" style=\"display: none;\" data-go-to-text=\"V\u00e9s a la diapositiva\"><div class=\"slideshow_pagination_center\"><\/div><\/div>\r\n\r\n\t\t<!-- WordPress Slideshow Version 2.3.1 -->\r\n\r\n\t\t\t<\/div>\r\n\r\n\n","protected":false},"excerpt":{"rendered":"<p>El passat 19 de novembre i dins de la celebraci\u00f3 de la Setmana de la Ci\u00e8ncia que aquest any\u00a0 ha estat dedicada a la Sostenibilitat, tot l\u2019alumnat del centre, des de P3 fins a 4t d\u2019ESO, van realitzar un acte simb\u00f2lic de recollida selectiva de&hellip;  <a href=\"https:\/\/agora.xtec.cat\/iecadaques\/portada\/jornada-setmana-de-la-ciencia\/\" title=\"Read Jornada setmana de la ci\u00e8ncia\">Llegeix m\u00e9s\u00bb<\/a><\/p>\n","protected":false},"author":1,"featured_media":22818,"comment_status":"closed","ping_status":"closed","sticky":false,"template":"","format":"standard","meta":{"_bbp_topic_count":0,"_bbp_reply_count":0,"_bbp_total_topic_count":0,"_bbp_total_reply_count":0,"_bbp_voice_count":0,"_bbp_anonymous_reply_count":0,"_bbp_topic_count_hidden":0,"_bbp_reply_count_hidden":0,"_bbp_forum_subforum_count":0,"footnotes":""},"categories":[157,158,159,167,169,29,228],"tags":[121,180,120,181,131,182,129,183,184,185,127,123,177,178,179],"class_list":["post-22826","post","type-post","status-publish","format-standard","has-post-thumbnail","hentry","category-ci","category-cm","category-cs","category-eso","category-ei","category-portada","category-projecte-taller","tag-eso1","tag-pri1","tag-eso2","tag-pri2","tag-eso3","tag-pri3","tag-eso4","tag-pri4","tag-pri5","tag-pri6","tag-celebracions","tag-natural","tag-p3","tag-p4","tag-p5"],"post_mailing_queue_ids":[],"_links":{"self":[{"href":"https:\/\/agora.xtec.cat\/iecadaques\/wp-json\/wp\/v2\/posts\/22826","targetHints":{"allow":["GET"]}}],"collection":[{"href":"https:\/\/agora.xtec.cat\/iecadaques\/wp-json\/wp\/v2\/posts"}],"about":[{"href":"https:\/\/agora.xtec.cat\/iecadaques\/wp-json\/wp\/v2\/types\/post"}],"author":[{"embeddable":true,"href":"https:\/\/agora.xtec.cat\/iecadaques\/wp-json\/wp\/v2\/users\/1"}],"replies":[{"embeddable":true,"href":"https:\/\/agora.xtec.cat\/iecadaques\/wp-json\/wp\/v2\/comments?post=22826"}],"version-history":[{"count":1,"href":"https:\/\/agora.xtec.cat\/iecadaques\/wp-json\/wp\/v2\/posts\/22826\/revisions"}],"predecessor-version":[{"id":22827,"href":"https:\/\/agora.xtec.cat\/iecadaques\/wp-json\/wp\/v2\/posts\/22826\/revisions\/22827"}],"wp:featuredmedia":[{"embeddable":true,"href":"https:\/\/agora.xtec.cat\/iecadaques\/wp-json\/wp\/v2\/media\/22818"}],"wp:attachment":[{"href":"https:\/\/agora.xtec.cat\/iecadaques\/wp-json\/wp\/v2\/media?parent=22826"}],"wp:term":[{"taxonomy":"category","embeddable":true,"href":"https:\/\/agora.xtec.cat\/iecadaques\/wp-json\/wp\/v2\/categories?post=22826"},{"taxonomy":"post_tag","embeddable":true,"href":"https:\/\/agora.xtec.cat\/iecadaques\/wp-json\/wp\/v2\/tags?post=22826"}],"curies":[{"name":"wp","href":"https:\/\/api.w.org\/{rel}","templated":true}]}}