{"id":22822,"date":"2022-02-09T14:56:48","date_gmt":"2022-02-09T13:56:48","guid":{"rendered":"https:\/\/agora.xtec.cat\/iecadaques\/?p=22822"},"modified":"2022-02-09T14:59:53","modified_gmt":"2022-02-09T13:59:53","slug":"setmana-de-la-ciencia","status":"publish","type":"post","link":"https:\/\/agora.xtec.cat\/iecadaques\/general\/setmana-de-la-ciencia\/","title":{"rendered":"Setmana de la ci\u00e8ncia"},"content":{"rendered":"<p style=\"text-align: justify;\"><span style=\"font-weight: 400;\">Al llarg d\u2019aquesta setmana tots\u00a0 els alumnes del nostre centre, dels m\u00e9s petits als m\u00e9s grans, van fer diferents tallers de ci\u00e8ncia, petits experiments a les seves aules.<\/span><\/p>\n<p style=\"text-align: justify;\"><span style=\"font-weight: 400;\">Els nens i nenes\u00a0 de 1r i 2n de prim\u00e0ria, acompanyats pels seus tutors van visitar el laboratori del centre, on els companys de 1r d\u2019ESO els hi van demostrar com inflar un globus mitjan\u00e7ant una senzilla reacci\u00f3 qu\u00edmica amb Bicarbonat i \u00c0cid ac\u00e8tic (vinagre).<\/span><\/p>\n<p style=\"text-align: justify;\"><span style=\"font-weight: 400;\">Aquesta reacci\u00f3 despr\u00e8n un gas, el di\u00f2xid de carboni (CO<\/span><span style=\"font-weight: 400;\">2 <\/span><span style=\"font-weight: 400;\">), que \u00e9s el responsable d\u2019inflar el globus.\u00a0<\/span><\/p>\n<p style=\"text-align: justify;\"><span style=\"font-weight: 400;\">Tamb\u00e9 van observar petites mostres amb les lupes binoculars.<\/span><\/p>\n<p style=\"text-align: justify;\"><span style=\"font-weight: 400;\">Un grup d&#8217;alumnes de 2n d\u2019ESO,\u00a0 va fer una explicaci\u00f3 pr\u00e0ctica als companys de 6\u00e8 de prim\u00e0ria. Van demostrar la relaci\u00f3 entre les unitats de volum i les de capacitat i la seva utilitat per calcular volums de petits cossos irregulars amb l&#8217;ajut d\u2019una proveta, aix\u00ed com tamb\u00e9 fer el c\u00e0lcul de la\u00a0 densitat d\u2019un cos de manera experimental amb l\u2019ajut d\u2019una balan\u00e7a.<\/span><\/p>\n<table style=\"width: 94.7981%;\">\n<tbody>\n<tr>\n<td style=\"text-align: center; width: 100%;\"><span style=\"font-weight: 400;\">1ml = 1cm<\/span><span style=\"font-weight: 400;\">3<\/span><span style=\"font-weight: 400;\"> \u00a0 i\u00a0 <\/span><span style=\"font-weight: 400;\">1L = 1 dm<\/span><span style=\"font-weight: 400;\">3<\/span><\/td>\n<\/tr>\n<\/tbody>\n<\/table>\n<p style=\"text-align: justify;\"><span style=\"font-weight: 400;\">Els alumnes de 4t d\u00b4ESO varen dur a terme la pr\u00e0ctica anomenada \u201cLa m\u00e0gia dels colors\u201d que consisteix en reaccions d&#8217;oxido-reducci\u00f3. En aquesta pr\u00e0ctica van aconseguir canviar el color violeta de la lombarda en funci\u00f3 dels \u00e0cids i de les bases que s&#8217;utilitzen.\u00a0<\/span><\/p>\n<p style=\"text-align: justify;\"><span style=\"font-weight: 400;\">La lombarda canviar\u00e0 de color depenent del l\u00edquid en la que es dissolgui. I aquest canvi de color indica si es tracta d&#8217;un \u00e0cid o d\u2019una base.\u00a0\u00a0\u00a0\u00a0\u00a0\u00a0\u00a0\u00a0<\/span><\/p>\n\r\n\t<div class=\"slideshow_container slideshow_container_style-light\" style=\"height: 600px; \" data-slideshow-id=\"22820\" data-style-name=\"style-light\" data-style-version=\"2.3.1\" >\r\n\r\n\t\t\t\t\t<div class=\"slideshow_loading_icon\"><\/div>\r\n\t\t\r\n\t\t<div class=\"slideshow_content\" style=\"display: none;\">\r\n\r\n\t\t\t<div class=\"slideshow_view\">\r\n\t\t\t\t<div class=\"slideshow_slide slideshow_slide_image\">\r\n\t\t\t\t\t\t\t\t\t\t\t<img src=\"https:\/\/agora.xtec.cat\/iecadaques\/wp-content\/uploads\/usu1969\/2022\/02\/PHOTO-2021-11-16-15-56-18.jpg\" alt=\"PHOTO-2021-11-16-15-56-18\" width=\"1134\" height=\"2016\" \/>\r\n\t\t\t\t\t\t\t\t\t\t<div class=\"slideshow_description_box slideshow_transparent\">\r\n\t\t\t\t\t\t\t\t\t\t\t\t\t\t\t\t\t<\/div>\r\n\t\t\t\t<\/div>\r\n\r\n\t\t\t\t\t\t<div style=\"clear: both;\"><\/div><\/div><div class=\"slideshow_view\">\r\n\t\t\t\t<div class=\"slideshow_slide slideshow_slide_image\">\r\n\t\t\t\t\t\t\t\t\t\t\t<img src=\"https:\/\/agora.xtec.cat\/iecadaques\/wp-content\/uploads\/usu1969\/2022\/02\/PHOTO-2021-11-16-15-56-21.jpg\" alt=\"PHOTO-2021-11-16-15-56-21\" width=\"2016\" height=\"1134\" \/>\r\n\t\t\t\t\t\t\t\t\t\t<div class=\"slideshow_description_box slideshow_transparent\">\r\n\t\t\t\t\t\t\t\t\t\t\t\t\t\t\t\t\t<\/div>\r\n\t\t\t\t<\/div>\r\n\r\n\t\t\t\t\t\t<div style=\"clear: both;\"><\/div><\/div>\r\n\t\t<\/div>\r\n\r\n\t\t<div class=\"slideshow_controlPanel slideshow_transparent\" style=\"display: none;\"><ul><li class=\"slideshow_togglePlay\" data-play-text=\"Visualitza\" data-pause-text=\"Pausa\"><\/li><\/ul><\/div>\r\n\r\n\t\t<div class=\"slideshow_button slideshow_previous slideshow_transparent\" role=\"button\" data-previous-text=\"Anterior\" style=\"display: none;\"><\/div>\r\n\t\t<div class=\"slideshow_button slideshow_next slideshow_transparent\" role=\"button\" data-next-text=\"Seg\u00fcent\" style=\"display: none;\"><\/div>\r\n\r\n\t\t<div class=\"slideshow_pagination\" style=\"display: none;\" data-go-to-text=\"V\u00e9s a la diapositiva\"><div class=\"slideshow_pagination_center\"><\/div><\/div>\r\n\r\n\t\t<!-- WordPress Slideshow Version 2.3.1 -->\r\n\r\n\t\t\t<\/div>\r\n\r\n\n","protected":false},"excerpt":{"rendered":"<p>Al llarg d\u2019aquesta setmana tots\u00a0 els alumnes del nostre centre, dels m\u00e9s petits als m\u00e9s grans, van fer diferents tallers de ci\u00e8ncia, petits experiments a les seves aules.<br \/>\nEls nens i nenes\u00a0 de 1r i 2n de prim\u00e0ria, acompanyats pels seus tutors van visitar el laboratori&hellip;  <a href=\"https:\/\/agora.xtec.cat\/iecadaques\/general\/setmana-de-la-ciencia\/\" title=\"Read Setmana de la ci\u00e8ncia\">Llegeix m\u00e9s\u00bb<\/a><\/p>\n","protected":false},"author":1,"featured_media":22816,"comment_status":"closed","ping_status":"closed","sticky":false,"template":"","format":"standard","meta":{"_bbp_topic_count":0,"_bbp_reply_count":0,"_bbp_total_topic_count":0,"_bbp_total_reply_count":0,"_bbp_voice_count":0,"_bbp_anonymous_reply_count":0,"_bbp_topic_count_hidden":0,"_bbp_reply_count_hidden":0,"_bbp_forum_subforum_count":0,"footnotes":""},"categories":[157,167,1,29,228],"tags":[180,120,129,127,123],"class_list":["post-22822","post","type-post","status-publish","format-standard","has-post-thumbnail","hentry","category-ci","category-eso","category-general","category-portada","category-projecte-taller","tag-pri1","tag-eso2","tag-eso4","tag-celebracions","tag-natural"],"post_mailing_queue_ids":[],"_links":{"self":[{"href":"https:\/\/agora.xtec.cat\/iecadaques\/wp-json\/wp\/v2\/posts\/22822","targetHints":{"allow":["GET"]}}],"collection":[{"href":"https:\/\/agora.xtec.cat\/iecadaques\/wp-json\/wp\/v2\/posts"}],"about":[{"href":"https:\/\/agora.xtec.cat\/iecadaques\/wp-json\/wp\/v2\/types\/post"}],"author":[{"embeddable":true,"href":"https:\/\/agora.xtec.cat\/iecadaques\/wp-json\/wp\/v2\/users\/1"}],"replies":[{"embeddable":true,"href":"https:\/\/agora.xtec.cat\/iecadaques\/wp-json\/wp\/v2\/comments?post=22822"}],"version-history":[{"count":3,"href":"https:\/\/agora.xtec.cat\/iecadaques\/wp-json\/wp\/v2\/posts\/22822\/revisions"}],"predecessor-version":[{"id":22825,"href":"https:\/\/agora.xtec.cat\/iecadaques\/wp-json\/wp\/v2\/posts\/22822\/revisions\/22825"}],"wp:featuredmedia":[{"embeddable":true,"href":"https:\/\/agora.xtec.cat\/iecadaques\/wp-json\/wp\/v2\/media\/22816"}],"wp:attachment":[{"href":"https:\/\/agora.xtec.cat\/iecadaques\/wp-json\/wp\/v2\/media?parent=22822"}],"wp:term":[{"taxonomy":"category","embeddable":true,"href":"https:\/\/agora.xtec.cat\/iecadaques\/wp-json\/wp\/v2\/categories?post=22822"},{"taxonomy":"post_tag","embeddable":true,"href":"https:\/\/agora.xtec.cat\/iecadaques\/wp-json\/wp\/v2\/tags?post=22822"}],"curies":[{"name":"wp","href":"https:\/\/api.w.org\/{rel}","templated":true}]}}