{"id":22751,"date":"2021-12-22T22:58:35","date_gmt":"2021-12-22T21:58:35","guid":{"rendered":"https:\/\/agora.xtec.cat\/iecadaques\/?p=22751"},"modified":"2021-12-22T22:58:35","modified_gmt":"2021-12-22T21:58:35","slug":"linstitut-visita-el-celler-mf","status":"publish","type":"post","link":"https:\/\/agora.xtec.cat\/iecadaques\/portada\/linstitut-visita-el-celler-mf\/","title":{"rendered":"L&#8217;Institut visita el Celler MF"},"content":{"rendered":"<p>Avui els alumnes de secund\u00e0ria de l&#8217;Institut Escola Caritat Serinyana &#8211; Cap de Creus han visitat el celler de la fam\u00edlia Martin Faix\u00f3.<\/p>\n<p>Hem sortit des del centre caminant i vora les 10 del mat\u00ed ja \u00e9rem al Mas Perafita. All\u00e0 ens ha rebut en Rafa i amb molta paci\u00e8ncia i per grups ens ha fet una visita guiada pel celler. Hem pogut descobrir l&#8217;elaboraci\u00f3 del vi i com s&#8217;est\u00e0 recuperant la vinya en el parc natural de Cap de Creus.<\/p>\n<p>Des d&#8217;aqu\u00ed volem agrair a Martin Faix\u00f3 la bona disposici\u00f3 i atenci\u00f3 immillorables perqu\u00e8 l&#8217;alumnat del centre pogu\u00e9s visitar les instal\u00b7lacions.<\/p>\n<p><a href=\"https:\/\/agora.xtec.cat\/iecadaques\/wp-content\/uploads\/usu1969\/2021\/12\/WhatsApp-Image-2021-12-22-at-14.47.27.jpeg\"><img loading=\"lazy\" decoding=\"async\" class=\"alignnone size-large wp-image-22755\" src=\"https:\/\/agora.xtec.cat\/iecadaques\/wp-content\/uploads\/usu1969\/2021\/12\/WhatsApp-Image-2021-12-22-at-14.47.27-1024x768.jpeg\" alt=\"\" width=\"1024\" height=\"768\" srcset=\"https:\/\/agora.xtec.cat\/iecadaques\/wp-content\/uploads\/usu1969\/2021\/12\/WhatsApp-Image-2021-12-22-at-14.47.27-1024x768.jpeg 1024w, https:\/\/agora.xtec.cat\/iecadaques\/wp-content\/uploads\/usu1969\/2021\/12\/WhatsApp-Image-2021-12-22-at-14.47.27-300x225.jpeg 300w, https:\/\/agora.xtec.cat\/iecadaques\/wp-content\/uploads\/usu1969\/2021\/12\/WhatsApp-Image-2021-12-22-at-14.47.27-768x576.jpeg 768w, https:\/\/agora.xtec.cat\/iecadaques\/wp-content\/uploads\/usu1969\/2021\/12\/WhatsApp-Image-2021-12-22-at-14.47.27-1536x1152.jpeg 1536w, https:\/\/agora.xtec.cat\/iecadaques\/wp-content\/uploads\/usu1969\/2021\/12\/WhatsApp-Image-2021-12-22-at-14.47.27-200x150.jpeg 200w, https:\/\/agora.xtec.cat\/iecadaques\/wp-content\/uploads\/usu1969\/2021\/12\/WhatsApp-Image-2021-12-22-at-14.47.27.jpeg 2048w\" sizes=\"auto, (max-width: 1024px) 100vw, 1024px\" \/><\/a> <a href=\"https:\/\/agora.xtec.cat\/iecadaques\/wp-content\/uploads\/usu1969\/2021\/12\/WhatsApp-Image-2021-12-22-at-14.47.27-3.jpeg\"><img loading=\"lazy\" decoding=\"async\" class=\"alignnone size-large wp-image-22754\" src=\"https:\/\/agora.xtec.cat\/iecadaques\/wp-content\/uploads\/usu1969\/2021\/12\/WhatsApp-Image-2021-12-22-at-14.47.27-3-1024x699.jpeg\" alt=\"\" width=\"1024\" height=\"699\" srcset=\"https:\/\/agora.xtec.cat\/iecadaques\/wp-content\/uploads\/usu1969\/2021\/12\/WhatsApp-Image-2021-12-22-at-14.47.27-3-1024x699.jpeg 1024w, https:\/\/agora.xtec.cat\/iecadaques\/wp-content\/uploads\/usu1969\/2021\/12\/WhatsApp-Image-2021-12-22-at-14.47.27-3-300x205.jpeg 300w, https:\/\/agora.xtec.cat\/iecadaques\/wp-content\/uploads\/usu1969\/2021\/12\/WhatsApp-Image-2021-12-22-at-14.47.27-3-768x524.jpeg 768w, https:\/\/agora.xtec.cat\/iecadaques\/wp-content\/uploads\/usu1969\/2021\/12\/WhatsApp-Image-2021-12-22-at-14.47.27-3-1536x1049.jpeg 1536w, https:\/\/agora.xtec.cat\/iecadaques\/wp-content\/uploads\/usu1969\/2021\/12\/WhatsApp-Image-2021-12-22-at-14.47.27-3.jpeg 2048w\" sizes=\"auto, (max-width: 1024px) 100vw, 1024px\" \/><\/a> <a href=\"https:\/\/agora.xtec.cat\/iecadaques\/wp-content\/uploads\/usu1969\/2021\/12\/WhatsApp-Image-2021-12-22-at-14.47.27-2.jpeg\"><img loading=\"lazy\" decoding=\"async\" class=\"alignnone size-large wp-image-22753\" src=\"https:\/\/agora.xtec.cat\/iecadaques\/wp-content\/uploads\/usu1969\/2021\/12\/WhatsApp-Image-2021-12-22-at-14.47.27-2-1024x768.jpeg\" alt=\"\" width=\"1024\" height=\"768\" srcset=\"https:\/\/agora.xtec.cat\/iecadaques\/wp-content\/uploads\/usu1969\/2021\/12\/WhatsApp-Image-2021-12-22-at-14.47.27-2-1024x768.jpeg 1024w, https:\/\/agora.xtec.cat\/iecadaques\/wp-content\/uploads\/usu1969\/2021\/12\/WhatsApp-Image-2021-12-22-at-14.47.27-2-300x225.jpeg 300w, https:\/\/agora.xtec.cat\/iecadaques\/wp-content\/uploads\/usu1969\/2021\/12\/WhatsApp-Image-2021-12-22-at-14.47.27-2-768x576.jpeg 768w, https:\/\/agora.xtec.cat\/iecadaques\/wp-content\/uploads\/usu1969\/2021\/12\/WhatsApp-Image-2021-12-22-at-14.47.27-2-1536x1152.jpeg 1536w, https:\/\/agora.xtec.cat\/iecadaques\/wp-content\/uploads\/usu1969\/2021\/12\/WhatsApp-Image-2021-12-22-at-14.47.27-2-200x150.jpeg 200w, https:\/\/agora.xtec.cat\/iecadaques\/wp-content\/uploads\/usu1969\/2021\/12\/WhatsApp-Image-2021-12-22-at-14.47.27-2.jpeg 2048w\" sizes=\"auto, (max-width: 1024px) 100vw, 1024px\" \/><\/a> <a href=\"https:\/\/agora.xtec.cat\/iecadaques\/wp-content\/uploads\/usu1969\/2021\/12\/WhatsApp-Image-2021-12-22-at-14.47.27-1.jpeg\"><img loading=\"lazy\" decoding=\"async\" class=\"alignnone size-large wp-image-22752\" src=\"https:\/\/agora.xtec.cat\/iecadaques\/wp-content\/uploads\/usu1969\/2021\/12\/WhatsApp-Image-2021-12-22-at-14.47.27-1-1024x724.jpeg\" alt=\"\" width=\"1024\" height=\"724\" srcset=\"https:\/\/agora.xtec.cat\/iecadaques\/wp-content\/uploads\/usu1969\/2021\/12\/WhatsApp-Image-2021-12-22-at-14.47.27-1-1024x724.jpeg 1024w, https:\/\/agora.xtec.cat\/iecadaques\/wp-content\/uploads\/usu1969\/2021\/12\/WhatsApp-Image-2021-12-22-at-14.47.27-1-300x212.jpeg 300w, https:\/\/agora.xtec.cat\/iecadaques\/wp-content\/uploads\/usu1969\/2021\/12\/WhatsApp-Image-2021-12-22-at-14.47.27-1-768x543.jpeg 768w, https:\/\/agora.xtec.cat\/iecadaques\/wp-content\/uploads\/usu1969\/2021\/12\/WhatsApp-Image-2021-12-22-at-14.47.27-1-1536x1086.jpeg 1536w, https:\/\/agora.xtec.cat\/iecadaques\/wp-content\/uploads\/usu1969\/2021\/12\/WhatsApp-Image-2021-12-22-at-14.47.27-1.jpeg 2048w\" sizes=\"auto, (max-width: 1024px) 100vw, 1024px\" \/><\/a> <a href=\"https:\/\/agora.xtec.cat\/iecadaques\/wp-content\/uploads\/usu1969\/2021\/12\/WhatsApp-Image-2021-12-22-at-14.47.28.jpg\"><img loading=\"lazy\" decoding=\"async\" class=\"alignnone size-large wp-image-22756\" src=\"https:\/\/agora.xtec.cat\/iecadaques\/wp-content\/uploads\/usu1969\/2021\/12\/WhatsApp-Image-2021-12-22-at-14.47.28-1024x768.jpg\" alt=\"\" width=\"1024\" height=\"768\" srcset=\"https:\/\/agora.xtec.cat\/iecadaques\/wp-content\/uploads\/usu1969\/2021\/12\/WhatsApp-Image-2021-12-22-at-14.47.28-1024x768.jpg 1024w, https:\/\/agora.xtec.cat\/iecadaques\/wp-content\/uploads\/usu1969\/2021\/12\/WhatsApp-Image-2021-12-22-at-14.47.28-300x225.jpg 300w, https:\/\/agora.xtec.cat\/iecadaques\/wp-content\/uploads\/usu1969\/2021\/12\/WhatsApp-Image-2021-12-22-at-14.47.28-768x576.jpg 768w, https:\/\/agora.xtec.cat\/iecadaques\/wp-content\/uploads\/usu1969\/2021\/12\/WhatsApp-Image-2021-12-22-at-14.47.28-1536x1152.jpg 1536w, https:\/\/agora.xtec.cat\/iecadaques\/wp-content\/uploads\/usu1969\/2021\/12\/WhatsApp-Image-2021-12-22-at-14.47.28-200x150.jpg 200w, https:\/\/agora.xtec.cat\/iecadaques\/wp-content\/uploads\/usu1969\/2021\/12\/WhatsApp-Image-2021-12-22-at-14.47.28.jpg 2048w\" sizes=\"auto, (max-width: 1024px) 100vw, 1024px\" \/><\/a><\/p>\n<p>&nbsp;<\/p>\n","protected":false},"excerpt":{"rendered":"<p>Avui els alumnes de secund\u00e0ria de l&#8217;Institut Escola Caritat Serinyana &#8211; Cap de Creus han visitat el celler de la fam\u00edlia Martin Faix\u00f3.<br \/>\nHem sortit des del centre caminant i vora les 10 del mat\u00ed ja \u00e9rem al Mas Perafita. All\u00e0 ens ha rebut en Rafa&hellip;  <a href=\"https:\/\/agora.xtec.cat\/iecadaques\/portada\/linstitut-visita-el-celler-mf\/\" title=\"Read L&#8217;Institut visita el Celler MF\">Llegeix m\u00e9s\u00bb<\/a><\/p>\n","protected":false},"author":1,"featured_media":22752,"comment_status":"closed","ping_status":"closed","sticky":false,"template":"","format":"standard","meta":{"_bbp_topic_count":0,"_bbp_reply_count":0,"_bbp_total_topic_count":0,"_bbp_total_reply_count":0,"_bbp_voice_count":0,"_bbp_anonymous_reply_count":0,"_bbp_topic_count_hidden":0,"_bbp_reply_count_hidden":0,"_bbp_forum_subforum_count":0,"footnotes":""},"categories":[167,29],"tags":[121,120,131,129,39],"class_list":["post-22751","post","type-post","status-publish","format-standard","has-post-thumbnail","hentry","category-eso","category-portada","tag-eso1","tag-eso2","tag-eso3","tag-eso4","tag-sortides"],"post_mailing_queue_ids":[],"_links":{"self":[{"href":"https:\/\/agora.xtec.cat\/iecadaques\/wp-json\/wp\/v2\/posts\/22751","targetHints":{"allow":["GET"]}}],"collection":[{"href":"https:\/\/agora.xtec.cat\/iecadaques\/wp-json\/wp\/v2\/posts"}],"about":[{"href":"https:\/\/agora.xtec.cat\/iecadaques\/wp-json\/wp\/v2\/types\/post"}],"author":[{"embeddable":true,"href":"https:\/\/agora.xtec.cat\/iecadaques\/wp-json\/wp\/v2\/users\/1"}],"replies":[{"embeddable":true,"href":"https:\/\/agora.xtec.cat\/iecadaques\/wp-json\/wp\/v2\/comments?post=22751"}],"version-history":[{"count":1,"href":"https:\/\/agora.xtec.cat\/iecadaques\/wp-json\/wp\/v2\/posts\/22751\/revisions"}],"predecessor-version":[{"id":22757,"href":"https:\/\/agora.xtec.cat\/iecadaques\/wp-json\/wp\/v2\/posts\/22751\/revisions\/22757"}],"wp:featuredmedia":[{"embeddable":true,"href":"https:\/\/agora.xtec.cat\/iecadaques\/wp-json\/wp\/v2\/media\/22752"}],"wp:attachment":[{"href":"https:\/\/agora.xtec.cat\/iecadaques\/wp-json\/wp\/v2\/media?parent=22751"}],"wp:term":[{"taxonomy":"category","embeddable":true,"href":"https:\/\/agora.xtec.cat\/iecadaques\/wp-json\/wp\/v2\/categories?post=22751"},{"taxonomy":"post_tag","embeddable":true,"href":"https:\/\/agora.xtec.cat\/iecadaques\/wp-json\/wp\/v2\/tags?post=22751"}],"curies":[{"name":"wp","href":"https:\/\/api.w.org\/{rel}","templated":true}]}}