{"id":22726,"date":"2021-12-21T13:14:15","date_gmt":"2021-12-21T12:14:15","guid":{"rendered":"https:\/\/agora.xtec.cat\/iecadaques\/?p=22726"},"modified":"2021-12-24T12:08:54","modified_gmt":"2021-12-24T11:08:54","slug":"avui-hem-picat-el-tio-i-mos-ha-cagat-molts-regals","status":"publish","type":"post","link":"https:\/\/agora.xtec.cat\/iecadaques\/portada\/avui-hem-picat-el-tio-i-mos-ha-cagat-molts-regals\/","title":{"rendered":"Hem picat el ti\u00f3 i mos ha cagat molts regals! Tamb\u00e9 ha vingut es Patge Reial!"},"content":{"rendered":"<p>Es nens i nenes de P3, durant aquest mes, hem apr\u00e8s sa can\u00e7\u00f3 del ti\u00f3:<\/p>\n<blockquote>\n<h6><em>Ti\u00f3, ti\u00f3!<\/em><br \/>\n<em>Caga turr\u00f3,<\/em><br \/>\n<em>d&#8217;aquell tan bo!<\/em><br \/>\n<em>Caga ti\u00f3!<\/em><\/h6>\n<\/blockquote>\n<p>Avui l&#8217;hem anat a picar perqu\u00e8 despr\u00e9s d&#8217;alimentar-lo tan b\u00e9 amb es nostros esmorzars, ja tenia sa panxa ben plena!<\/p>\n<p>Tamb\u00e9 li hem recitat es poema i sa can\u00e7\u00f3 de Nadal, ho fem genial!<\/p>\n<p>I per acabar, l&#8217;\u00faltim dia d&#8217;escola ha vingut a veure&#8217;ns es Patge Reial!<\/p>\n\r\n\t<div class=\"slideshow_container slideshow_container_style-light\" style=\"height: 500px; \" data-slideshow-id=\"22727\" data-style-name=\"style-light\" data-style-version=\"2.3.1\" >\r\n\r\n\t\t\t\t\t<div class=\"slideshow_loading_icon\"><\/div>\r\n\t\t\r\n\t\t<div class=\"slideshow_content\" style=\"display: none;\">\r\n\r\n\t\t\t<div class=\"slideshow_view\">\r\n\t\t\t\t<div class=\"slideshow_slide slideshow_slide_image\">\r\n\t\t\t\t\t\t\t\t\t\t\t<img src=\"https:\/\/agora.xtec.cat\/iecadaques\/wp-content\/uploads\/usu1969\/2021\/12\/IMG_6754-e1640344395883.jpg\" alt=\"IMG_6754\" width=\"2018\" height=\"1286\" \/>\r\n\t\t\t\t\t\t\t\t\t\t<div class=\"slideshow_description_box slideshow_transparent\">\r\n\t\t\t\t\t\t\t\t\t\t\t\t\t\t\t\t\t<\/div>\r\n\t\t\t\t<\/div>\r\n\r\n\t\t\t\t\t\t<div style=\"clear: both;\"><\/div><\/div><div class=\"slideshow_view\">\r\n\t\t\t\t<div class=\"slideshow_slide slideshow_slide_image\">\r\n\t\t\t\t\t\t\t\t\t\t\t<img src=\"https:\/\/agora.xtec.cat\/iecadaques\/wp-content\/uploads\/usu1969\/2021\/12\/IMG_6768-e1640344184363.jpg\" alt=\"IMG_6768\" width=\"1984\" height=\"1260\" \/>\r\n\t\t\t\t\t\t\t\t\t\t<div class=\"slideshow_description_box slideshow_transparent\">\r\n\t\t\t\t\t\t\t\t\t\t\t\t\t\t\t\t\t<\/div>\r\n\t\t\t\t<\/div>\r\n\r\n\t\t\t\t\t\t<div style=\"clear: both;\"><\/div><\/div><div class=\"slideshow_view\">\r\n\t\t\t\t<div class=\"slideshow_slide slideshow_slide_image\">\r\n\t\t\t\t\t\t\t\t\t\t\t<img src=\"https:\/\/agora.xtec.cat\/iecadaques\/wp-content\/uploads\/usu1969\/2021\/12\/1640172798461_20211222_102011.jpg\" alt=\"1640172798461_20211222_102011\" width=\"2552\" height=\"1148\" \/>\r\n\t\t\t\t\t\t\t\t\t\t<div class=\"slideshow_description_box slideshow_transparent\">\r\n\t\t\t\t\t\t\t\t\t\t\t\t\t\t\t\t\t<\/div>\r\n\t\t\t\t<\/div>\r\n\r\n\t\t\t\t\t\t<div style=\"clear: both;\"><\/div><\/div>\r\n\t\t<\/div>\r\n\r\n\t\t<div class=\"slideshow_controlPanel slideshow_transparent\" style=\"display: none;\"><ul><li class=\"slideshow_togglePlay\" data-play-text=\"Visualitza\" data-pause-text=\"Pausa\"><\/li><\/ul><\/div>\r\n\r\n\t\t<div class=\"slideshow_button slideshow_previous slideshow_transparent\" role=\"button\" data-previous-text=\"Anterior\" style=\"display: none;\"><\/div>\r\n\t\t<div class=\"slideshow_button slideshow_next slideshow_transparent\" role=\"button\" data-next-text=\"Seg\u00fcent\" style=\"display: none;\"><\/div>\r\n\r\n\t\t<div class=\"slideshow_pagination\" style=\"display: none;\" data-go-to-text=\"V\u00e9s a la diapositiva\"><div class=\"slideshow_pagination_center\"><\/div><\/div>\r\n\r\n\t\t<!-- WordPress Slideshow Version 2.3.1 -->\r\n\r\n\t\t\t<\/div>\r\n\r\n\n","protected":false},"excerpt":{"rendered":"<p>Es nens i nenes de P3 hem picat el ti\u00f3!&hellip;  <a href=\"https:\/\/agora.xtec.cat\/iecadaques\/portada\/avui-hem-picat-el-tio-i-mos-ha-cagat-molts-regals\/\" title=\"Read Hem picat el ti\u00f3 i mos ha cagat molts regals! Tamb\u00e9 ha vingut es Patge Reial!\">Llegeix m\u00e9s\u00bb<\/a><\/p>\n","protected":false},"author":48,"featured_media":22728,"comment_status":"closed","ping_status":"closed","sticky":false,"template":"","format":"standard","meta":{"_bbp_topic_count":0,"_bbp_reply_count":0,"_bbp_total_topic_count":0,"_bbp_total_reply_count":0,"_bbp_voice_count":0,"_bbp_anonymous_reply_count":0,"_bbp_topic_count_hidden":0,"_bbp_reply_count_hidden":0,"_bbp_forum_subforum_count":0,"footnotes":""},"categories":[169,29],"tags":[127,177],"class_list":["post-22726","post","type-post","status-publish","format-standard","has-post-thumbnail","hentry","category-ei","category-portada","tag-celebracions","tag-p3"],"post_mailing_queue_ids":[],"_links":{"self":[{"href":"https:\/\/agora.xtec.cat\/iecadaques\/wp-json\/wp\/v2\/posts\/22726","targetHints":{"allow":["GET"]}}],"collection":[{"href":"https:\/\/agora.xtec.cat\/iecadaques\/wp-json\/wp\/v2\/posts"}],"about":[{"href":"https:\/\/agora.xtec.cat\/iecadaques\/wp-json\/wp\/v2\/types\/post"}],"author":[{"embeddable":true,"href":"https:\/\/agora.xtec.cat\/iecadaques\/wp-json\/wp\/v2\/users\/48"}],"replies":[{"embeddable":true,"href":"https:\/\/agora.xtec.cat\/iecadaques\/wp-json\/wp\/v2\/comments?post=22726"}],"version-history":[{"count":4,"href":"https:\/\/agora.xtec.cat\/iecadaques\/wp-json\/wp\/v2\/posts\/22726\/revisions"}],"predecessor-version":[{"id":22761,"href":"https:\/\/agora.xtec.cat\/iecadaques\/wp-json\/wp\/v2\/posts\/22726\/revisions\/22761"}],"wp:featuredmedia":[{"embeddable":true,"href":"https:\/\/agora.xtec.cat\/iecadaques\/wp-json\/wp\/v2\/media\/22728"}],"wp:attachment":[{"href":"https:\/\/agora.xtec.cat\/iecadaques\/wp-json\/wp\/v2\/media?parent=22726"}],"wp:term":[{"taxonomy":"category","embeddable":true,"href":"https:\/\/agora.xtec.cat\/iecadaques\/wp-json\/wp\/v2\/categories?post=22726"},{"taxonomy":"post_tag","embeddable":true,"href":"https:\/\/agora.xtec.cat\/iecadaques\/wp-json\/wp\/v2\/tags?post=22726"}],"curies":[{"name":"wp","href":"https:\/\/api.w.org\/{rel}","templated":true}]}}