{"id":22667,"date":"2021-12-20T17:27:26","date_gmt":"2021-12-20T16:27:26","guid":{"rendered":"https:\/\/agora.xtec.cat\/iecadaques\/?p=22667"},"modified":"2021-12-20T17:27:26","modified_gmt":"2021-12-20T16:27:26","slug":"un-molt-bon-nadal-intergeneracional","status":"publish","type":"post","link":"https:\/\/agora.xtec.cat\/iecadaques\/portada\/un-molt-bon-nadal-intergeneracional\/","title":{"rendered":"Un molt bon Nadal intergeneracional!"},"content":{"rendered":"<p><span style=\"font-weight: 400;\">Aquests dies l\u2019alumnat i professorat que participa al Servei Comunitari de 3r d\u2019ESO (dins de l\u2019assignatura d\u2019Emprenedoria) enviem els nostres millors desitjos als avis i \u00e0vies de la Resid\u00e8ncia Geri\u00e0trica de Cadaqu\u00e9s.<\/span><\/p>\n<p><span style=\"font-weight: 400;\">Val a dir que hi col\u00b7laborem amb el projecte \u201cApadrina un Avi\u201d de C\u00e0ritas, i que l\u2019experi\u00e8ncia est\u00e0 essent molt i molt engrescadora gr\u00e0cies, sobretot, a les videoconfer\u00e8ncies que organitzem cada dijous.<\/span><\/p>\n<p><span style=\"font-weight: 400;\">Per la seva part, les \u00e0vies de la resid\u00e8ncia ens obsequien amb un conjunt de presents fets per elles\u2026 i sobretot amb les seves hist\u00f2ries, viv\u00e8ncies i consells. Molt Bones Festes!<\/span><\/p>\n<p><a href=\"https:\/\/agora.xtec.cat\/iecadaques\/wp-content\/uploads\/usu1969\/2021\/12\/Postals-Emprenedoria-Servei-Comunitari.jpg\"><img loading=\"lazy\" decoding=\"async\" class=\"alignnone wp-image-22685\" src=\"https:\/\/agora.xtec.cat\/iecadaques\/wp-content\/uploads\/usu1969\/2021\/12\/Postals-Emprenedoria-Servei-Comunitari-300x300.jpg\" alt=\"\" width=\"600\" height=\"600\" srcset=\"https:\/\/agora.xtec.cat\/iecadaques\/wp-content\/uploads\/usu1969\/2021\/12\/Postals-Emprenedoria-Servei-Comunitari-300x300.jpg 300w, https:\/\/agora.xtec.cat\/iecadaques\/wp-content\/uploads\/usu1969\/2021\/12\/Postals-Emprenedoria-Servei-Comunitari-1024x1024.jpg 1024w, https:\/\/agora.xtec.cat\/iecadaques\/wp-content\/uploads\/usu1969\/2021\/12\/Postals-Emprenedoria-Servei-Comunitari-150x150.jpg 150w, https:\/\/agora.xtec.cat\/iecadaques\/wp-content\/uploads\/usu1969\/2021\/12\/Postals-Emprenedoria-Servei-Comunitari-768x768.jpg 768w, https:\/\/agora.xtec.cat\/iecadaques\/wp-content\/uploads\/usu1969\/2021\/12\/Postals-Emprenedoria-Servei-Comunitari.jpg 1530w\" sizes=\"auto, (max-width: 600px) 100vw, 600px\" \/><\/a><\/p>\n","protected":false},"excerpt":{"rendered":"<p>Aquests dies l\u2019alumnat i professorat que participa al Servei Comunitari de 3r d\u2019ESO (dins de l\u2019assignatura d\u2019Emprenedoria) enviem els nostres millors desitjos als avis i \u00e0vies de la Resid\u00e8ncia Geri\u00e0trica de Cadaqu\u00e9s.<br \/>\nVal a dir que hi col\u00b7laborem amb el projecte \u201cApadrina un Avi\u201d de C\u00e0ritas,&hellip;  <a href=\"https:\/\/agora.xtec.cat\/iecadaques\/portada\/un-molt-bon-nadal-intergeneracional\/\" title=\"Read Un molt bon Nadal intergeneracional!\">Llegeix m\u00e9s\u00bb<\/a><\/p>\n","protected":false},"author":48,"featured_media":22685,"comment_status":"closed","ping_status":"closed","sticky":false,"template":"","format":"standard","meta":{"_bbp_topic_count":0,"_bbp_reply_count":0,"_bbp_total_topic_count":0,"_bbp_total_reply_count":0,"_bbp_voice_count":0,"_bbp_anonymous_reply_count":0,"_bbp_topic_count_hidden":0,"_bbp_reply_count_hidden":0,"_bbp_forum_subforum_count":0,"footnotes":""},"categories":[218,167,210,29],"tags":[122],"class_list":["post-22667","post","type-post","status-publish","format-standard","has-post-thumbnail","hentry","category-apadrina","category-eso","category-gentgran","category-portada","tag-convivencia"],"post_mailing_queue_ids":[],"_links":{"self":[{"href":"https:\/\/agora.xtec.cat\/iecadaques\/wp-json\/wp\/v2\/posts\/22667","targetHints":{"allow":["GET"]}}],"collection":[{"href":"https:\/\/agora.xtec.cat\/iecadaques\/wp-json\/wp\/v2\/posts"}],"about":[{"href":"https:\/\/agora.xtec.cat\/iecadaques\/wp-json\/wp\/v2\/types\/post"}],"author":[{"embeddable":true,"href":"https:\/\/agora.xtec.cat\/iecadaques\/wp-json\/wp\/v2\/users\/48"}],"replies":[{"embeddable":true,"href":"https:\/\/agora.xtec.cat\/iecadaques\/wp-json\/wp\/v2\/comments?post=22667"}],"version-history":[{"count":3,"href":"https:\/\/agora.xtec.cat\/iecadaques\/wp-json\/wp\/v2\/posts\/22667\/revisions"}],"predecessor-version":[{"id":22687,"href":"https:\/\/agora.xtec.cat\/iecadaques\/wp-json\/wp\/v2\/posts\/22667\/revisions\/22687"}],"wp:featuredmedia":[{"embeddable":true,"href":"https:\/\/agora.xtec.cat\/iecadaques\/wp-json\/wp\/v2\/media\/22685"}],"wp:attachment":[{"href":"https:\/\/agora.xtec.cat\/iecadaques\/wp-json\/wp\/v2\/media?parent=22667"}],"wp:term":[{"taxonomy":"category","embeddable":true,"href":"https:\/\/agora.xtec.cat\/iecadaques\/wp-json\/wp\/v2\/categories?post=22667"},{"taxonomy":"post_tag","embeddable":true,"href":"https:\/\/agora.xtec.cat\/iecadaques\/wp-json\/wp\/v2\/tags?post=22667"}],"curies":[{"name":"wp","href":"https:\/\/api.w.org\/{rel}","templated":true}]}}