{"id":22566,"date":"2021-11-24T10:53:16","date_gmt":"2021-11-24T09:53:16","guid":{"rendered":"https:\/\/agora.xtec.cat\/iecadaques\/?p=22566"},"modified":"2021-11-24T11:01:22","modified_gmt":"2021-11-24T10:01:22","slug":"nous-apprenons-le-francais","status":"publish","type":"post","link":"https:\/\/agora.xtec.cat\/iecadaques\/portada\/nous-apprenons-le-francais\/","title":{"rendered":"Nous apprenons le Fran\u00e7ais!"},"content":{"rendered":"<p><span style=\"font-weight: 400;\">Bonjour!\u00a0<\/span><\/p>\n<p><span style=\"font-weight: 400;\">Avec les \u00e9l\u00e8ves de 4\u00e8me ESO nous avons commencer nos cours de Fran\u00e7ais avec la bonne question:<\/span><\/p>\n<ul>\n<li><span style=\"font-weight: 400;\">Pourquoi apprendre le Fran\u00e7ais?<\/span><\/li>\n<li><span style=\"font-weight: 400;\">Parce que les langues sont le meilleur passaport!<\/span><\/li>\n<\/ul>\n<div class=\"row\" style=\"margin-bottom: 1em !important;\">\n<div class=\"small-12 large-6 text-center columns\">\n<div style=\"width: 340px;\" class=\"wp-video\"><!--[if lt IE 9]><script>document.createElement('video');<\/script><![endif]-->\n<video class=\"wp-video-shortcode\" id=\"video-22566-1\" width=\"340\" height=\"624\" preload=\"metadata\" controls=\"controls\"><source type=\"video\/mp4\" src=\"https:\/\/agora.xtec.cat\/iecadaques\/wp-content\/uploads\/usu1969\/2021\/11\/VIDEO-2021-10-04-09-38-17.mp4?_=1\" \/><a href=\"https:\/\/agora.xtec.cat\/iecadaques\/wp-content\/uploads\/usu1969\/2021\/11\/VIDEO-2021-10-04-09-38-17.mp4\">https:\/\/agora.xtec.cat\/iecadaques\/wp-content\/uploads\/usu1969\/2021\/11\/VIDEO-2021-10-04-09-38-17.mp4<\/a><\/video><\/div>\n<\/div>\n<div class=\"small-12 large-6 text-center columns\">\n<div style=\"width: 340px;\" class=\"wp-video\"><video class=\"wp-video-shortcode\" id=\"video-22566-2\" width=\"340\" height=\"624\" preload=\"metadata\" controls=\"controls\"><source type=\"video\/mp4\" src=\"https:\/\/agora.xtec.cat\/iecadaques\/wp-content\/uploads\/usu1969\/2021\/11\/9371bd67-e879-471c-9f2a-c4add95b16ce.mp4?_=2\" \/><a href=\"https:\/\/agora.xtec.cat\/iecadaques\/wp-content\/uploads\/usu1969\/2021\/11\/9371bd67-e879-471c-9f2a-c4add95b16ce.mp4\">https:\/\/agora.xtec.cat\/iecadaques\/wp-content\/uploads\/usu1969\/2021\/11\/9371bd67-e879-471c-9f2a-c4add95b16ce.mp4<\/a><\/video><\/div>\n<\/div>\n<p>&nbsp;<\/p>\n<\/div>\n","protected":false},"excerpt":{"rendered":"<p>Bonjour!\u00a0<\/p>\n<p>Avec les \u00e9l\u00e8ves de 4\u00e8me ESO nous avons commencer nos cours de Fran\u00e7ais avec la bonne question:<\/p>\n<p>Pourquoi apprendre le Fran\u00e7ais?<br \/>\nParce que les langues sont le meilleur passaport!&hellip;  <a href=\"https:\/\/agora.xtec.cat\/iecadaques\/portada\/nous-apprenons-le-francais\/\" title=\"Read Nous apprenons le Fran\u00e7ais!\">Llegeix m\u00e9s\u00bb<\/a><\/p>\n","protected":false},"author":1,"featured_media":22581,"comment_status":"closed","ping_status":"closed","sticky":false,"template":"","format":"standard","meta":{"_bbp_topic_count":0,"_bbp_reply_count":0,"_bbp_total_topic_count":0,"_bbp_total_reply_count":0,"_bbp_voice_count":0,"_bbp_anonymous_reply_count":0,"_bbp_topic_count_hidden":0,"_bbp_reply_count_hidden":0,"_bbp_forum_subforum_count":0,"footnotes":""},"categories":[167,29],"tags":[129,170],"class_list":["post-22566","post","type-post","status-publish","format-standard","has-post-thumbnail","hentry","category-eso","category-portada","tag-eso4","tag-llengues"],"post_mailing_queue_ids":[],"_links":{"self":[{"href":"https:\/\/agora.xtec.cat\/iecadaques\/wp-json\/wp\/v2\/posts\/22566","targetHints":{"allow":["GET"]}}],"collection":[{"href":"https:\/\/agora.xtec.cat\/iecadaques\/wp-json\/wp\/v2\/posts"}],"about":[{"href":"https:\/\/agora.xtec.cat\/iecadaques\/wp-json\/wp\/v2\/types\/post"}],"author":[{"embeddable":true,"href":"https:\/\/agora.xtec.cat\/iecadaques\/wp-json\/wp\/v2\/users\/1"}],"replies":[{"embeddable":true,"href":"https:\/\/agora.xtec.cat\/iecadaques\/wp-json\/wp\/v2\/comments?post=22566"}],"version-history":[{"count":3,"href":"https:\/\/agora.xtec.cat\/iecadaques\/wp-json\/wp\/v2\/posts\/22566\/revisions"}],"predecessor-version":[{"id":22591,"href":"https:\/\/agora.xtec.cat\/iecadaques\/wp-json\/wp\/v2\/posts\/22566\/revisions\/22591"}],"wp:featuredmedia":[{"embeddable":true,"href":"https:\/\/agora.xtec.cat\/iecadaques\/wp-json\/wp\/v2\/media\/22581"}],"wp:attachment":[{"href":"https:\/\/agora.xtec.cat\/iecadaques\/wp-json\/wp\/v2\/media?parent=22566"}],"wp:term":[{"taxonomy":"category","embeddable":true,"href":"https:\/\/agora.xtec.cat\/iecadaques\/wp-json\/wp\/v2\/categories?post=22566"},{"taxonomy":"post_tag","embeddable":true,"href":"https:\/\/agora.xtec.cat\/iecadaques\/wp-json\/wp\/v2\/tags?post=22566"}],"curies":[{"name":"wp","href":"https:\/\/api.w.org\/{rel}","templated":true}]}}