{"id":22462,"date":"2021-11-16T08:52:02","date_gmt":"2021-11-16T07:52:02","guid":{"rendered":"https:\/\/agora.xtec.cat\/iecadaques\/?p=22462"},"modified":"2021-12-01T19:31:17","modified_gmt":"2021-12-01T18:31:17","slug":"la-biblioteca-escolar-es-reinicia","status":"publish","type":"post","link":"https:\/\/agora.xtec.cat\/iecadaques\/portada\/la-biblioteca-escolar-es-reinicia\/","title":{"rendered":"La biblioteca escolar es REINICIA!"},"content":{"rendered":"<p>Com saps, degut a l&#8217;emerg\u00e8ncia sanit\u00e0ria per Covid el passat curs 2020\/21 es va haver de suspendre el servei de biblioteca (tant escolar com municipal).<\/p>\n<p>Durant aquest temps, hem convertit aquest fet en una oportunitat per a reiniciar la biblioteca escolar, millorant-la en m\u00faltiples aspectes:<\/p>\n<ul>\n<li>Redistribuci\u00f3 dels espais.<\/li>\n<li>Restauraci\u00f3 i renovaci\u00f3 del mobiliari.<\/li>\n<li>Esporga i unificaci\u00f3 dels fons dels antics centres (escola i institut).<\/li>\n<li>Migraci\u00f3 del cat\u00e0leg P\u00e8rgam al cat\u00e0leg en l\u00ednia eP\u00e8rgam.<\/li>\n<li>Revisi\u00f3 i millora de la catalogaci\u00f3 documental.<\/li>\n<\/ul>\n<p><span style=\"font-family: inherit; font-size: 1em;\">No cal dir que aix\u00f2 \u00e9s una tasca enorme que requereix un munt de temps, esfor\u00e7 i dedicaci\u00f3 durant un proc\u00e9s que esdev\u00e9 necess\u00e0riament llarg i labori\u00f3s.<\/span><\/p>\n<p>\u00c9s per aix\u00f2 que a l&#8217;institut escola unim esfor\u00e7os per a assolir petits progressos de forma constant que ens ajudin a aconseguir el nostre objectiu: una biblioteca escolar renovada i atractiva amb un fons curat i accessible.<\/p>\n<p>En aquest proc\u00e9s, hi treballem:<\/p>\n<ul>\n<li>La comissi\u00f3 de biblioteca escolar: Dinamitzem el projecte establint les l\u00ednies d&#8217;actuaci\u00f3 i reunint-nos setmanalment per agilitzar la majoria de tasques necess\u00e0ries.<\/li>\n<li>La comissi\u00f3 de conviv\u00e8ncia: Col\u00b7labora amb nosaltres aportant un equip hum\u00e0 m\u00e9s nombr\u00f3s per tal d&#8217;accelerar algunes accions que requeririen un temps molt prolongat i aix\u00ed avan\u00e7ar m\u00e9s r\u00e0pidament.<\/li>\n<li>El projecte taller: L&#8217;alumnat de secund\u00e0ria que participa en aquest taller col\u00b7labora amb tasques de trasllat i reparaci\u00f3 de mobiliari, aix\u00ed com encapsant material obsolet i tamb\u00e9 ajudant en la col\u00b7locaci\u00f3 del fons<\/li>\n<\/ul>\n\r\n\t<div class=\"slideshow_container slideshow_container_style-light\" style=\"height: 500px; \" data-slideshow-id=\"22479\" data-style-name=\"style-light\" data-style-version=\"2.3.1\" >\r\n\r\n\t\t\t\t\t<div class=\"slideshow_loading_icon\"><\/div>\r\n\t\t\r\n\t\t<div class=\"slideshow_content\" style=\"display: none;\">\r\n\r\n\t\t\t<div class=\"slideshow_view\">\r\n\t\t\t\t<div class=\"slideshow_slide slideshow_slide_image\">\r\n\t\t\t\t\t\t\t\t\t\t\t<img src=\"https:\/\/agora.xtec.cat\/iecadaques\/wp-content\/uploads\/usu1969\/2021\/11\/20210428_114016-scaled.jpg\" alt=\"20210428_114016\" width=\"2560\" height=\"1920\" \/>\r\n\t\t\t\t\t\t\t\t\t\t<div class=\"slideshow_description_box slideshow_transparent\">\r\n\t\t\t\t\t\t\t\t\t\t\t\t\t\t\t\t\t<\/div>\r\n\t\t\t\t<\/div>\r\n\r\n\t\t\t\t\t\t<div style=\"clear: both;\"><\/div><\/div><div class=\"slideshow_view\">\r\n\t\t\t\t<div class=\"slideshow_slide slideshow_slide_image\">\r\n\t\t\t\t\t\t\t\t\t\t\t<img src=\"https:\/\/agora.xtec.cat\/iecadaques\/wp-content\/uploads\/usu1969\/2021\/11\/20210428_115556-scaled.jpg\" alt=\"20210428_115556\" width=\"2560\" height=\"1919\" \/>\r\n\t\t\t\t\t\t\t\t\t\t<div class=\"slideshow_description_box slideshow_transparent\">\r\n\t\t\t\t\t\t\t\t\t\t\t\t\t\t\t\t\t<\/div>\r\n\t\t\t\t<\/div>\r\n\r\n\t\t\t\t\t\t<div style=\"clear: both;\"><\/div><\/div><div class=\"slideshow_view\">\r\n\t\t\t\t<div class=\"slideshow_slide slideshow_slide_image\">\r\n\t\t\t\t\t\t\t\t\t\t\t<img src=\"https:\/\/agora.xtec.cat\/iecadaques\/wp-content\/uploads\/usu1969\/2021\/11\/20210421_080358-scaled.jpg\" alt=\"20210421_080358\" width=\"2560\" height=\"1920\" \/>\r\n\t\t\t\t\t\t\t\t\t\t<div class=\"slideshow_description_box slideshow_transparent\">\r\n\t\t\t\t\t\t\t\t\t\t\t\t\t\t\t\t\t<\/div>\r\n\t\t\t\t<\/div>\r\n\r\n\t\t\t\t\t\t<div style=\"clear: both;\"><\/div><\/div><div class=\"slideshow_view\">\r\n\t\t\t\t<div class=\"slideshow_slide slideshow_slide_image\">\r\n\t\t\t\t\t\t\t\t\t\t\t<img src=\"https:\/\/agora.xtec.cat\/iecadaques\/wp-content\/uploads\/usu1969\/2021\/11\/IMG_20211110_113521-e1636741504537.jpg\" alt=\"IMG_20211110_113521\" width=\"1735\" height=\"980\" \/>\r\n\t\t\t\t\t\t\t\t\t\t<div class=\"slideshow_description_box slideshow_transparent\">\r\n\t\t\t\t\t\t\t\t\t\t\t\t\t\t\t\t\t<\/div>\r\n\t\t\t\t<\/div>\r\n\r\n\t\t\t\t\t\t<div style=\"clear: both;\"><\/div><\/div><div class=\"slideshow_view\">\r\n\t\t\t\t<div class=\"slideshow_slide slideshow_slide_image\">\r\n\t\t\t\t\t\t\t\t\t\t\t<img src=\"https:\/\/agora.xtec.cat\/iecadaques\/wp-content\/uploads\/usu1969\/2021\/11\/IMG_20211110_114003-e1636741520108.jpg\" alt=\"IMG_20211110_114003\" width=\"2184\" height=\"1157\" \/>\r\n\t\t\t\t\t\t\t\t\t\t<div class=\"slideshow_description_box slideshow_transparent\">\r\n\t\t\t\t\t\t\t\t\t\t\t\t\t\t\t\t\t<\/div>\r\n\t\t\t\t<\/div>\r\n\r\n\t\t\t\t\t\t<div style=\"clear: both;\"><\/div><\/div><div class=\"slideshow_view\">\r\n\t\t\t\t<div class=\"slideshow_slide slideshow_slide_image\">\r\n\t\t\t\t\t\t\t\t\t\t\t<img src=\"https:\/\/agora.xtec.cat\/iecadaques\/wp-content\/uploads\/usu1969\/2021\/11\/c-e1636741321816.jpg\" alt=\"\u00e7\" width=\"2039\" height=\"1111\" \/>\r\n\t\t\t\t\t\t\t\t\t\t<div class=\"slideshow_description_box slideshow_transparent\">\r\n\t\t\t\t\t\t\t\t\t\t\t\t\t\t\t\t\t<\/div>\r\n\t\t\t\t<\/div>\r\n\r\n\t\t\t\t\t\t<div style=\"clear: both;\"><\/div><\/div>\r\n\t\t<\/div>\r\n\r\n\t\t<div class=\"slideshow_controlPanel slideshow_transparent\" style=\"display: none;\"><ul><li class=\"slideshow_togglePlay\" data-play-text=\"Visualitza\" data-pause-text=\"Pausa\"><\/li><\/ul><\/div>\r\n\r\n\t\t<div class=\"slideshow_button slideshow_previous slideshow_transparent\" role=\"button\" data-previous-text=\"Anterior\" style=\"display: none;\"><\/div>\r\n\t\t<div class=\"slideshow_button slideshow_next slideshow_transparent\" role=\"button\" data-next-text=\"Seg\u00fcent\" style=\"display: none;\"><\/div>\r\n\r\n\t\t<div class=\"slideshow_pagination\" style=\"display: none;\" data-go-to-text=\"V\u00e9s a la diapositiva\"><div class=\"slideshow_pagination_center\"><\/div><\/div>\r\n\r\n\t\t<!-- WordPress Slideshow Version 2.3.1 -->\r\n\r\n\t\t\t<\/div>\r\n\r\n\n<p>Amb aquest projecte, la Biblioteca Teresa Miramont ha rebut el distintiu <strong>Reinicia&#8217;t! Per a una biblioteca escolar activa\u00a0<\/strong>del Programa de biblioteca escolar Puntedu.<\/p>\n<p><a href=\"https:\/\/agora.xtec.cat\/iecadaques\/wp-content\/uploads\/usu1969\/2021\/12\/segell_reiniciem-e1638382827482.png\"><img loading=\"lazy\" decoding=\"async\" class=\"alignnone size-medium wp-image-22606\" src=\"https:\/\/agora.xtec.cat\/iecadaques\/wp-content\/uploads\/usu1969\/2021\/12\/segell_reiniciem-e1638382827482-300x289.png\" alt=\"\" width=\"300\" height=\"289\" srcset=\"https:\/\/agora.xtec.cat\/iecadaques\/wp-content\/uploads\/usu1969\/2021\/12\/segell_reiniciem-e1638382827482-300x289.png 300w, https:\/\/agora.xtec.cat\/iecadaques\/wp-content\/uploads\/usu1969\/2021\/12\/segell_reiniciem-e1638382827482.png 478w\" sizes=\"auto, (max-width: 300px) 100vw, 300px\" \/><\/a><\/p>\n","protected":false},"excerpt":{"rendered":"<p>Com saps, degut a l&#8217;emerg\u00e8ncia sanit\u00e0ria per Covid el passat curs 2020\/21 es va haver de suspendre el servei de biblioteca (tant escolar com municipal).<br \/>\nDurant aquest temps, hem convertit aquest fet en una oportunitat per a reiniciar la biblioteca escolar, millorant-la en m\u00faltiples aspectes:<\/p>\n<ul>\n<li>Redistribuci\u00f3 dels&hellip;  <a href=\"https:\/\/agora.xtec.cat\/iecadaques\/portada\/la-biblioteca-escolar-es-reinicia\/\" title=\"Read La biblioteca escolar es REINICIA!\">Llegeix m\u00e9s\u00bb<\/a><br \/>\n","protected":false},"author":48,"featured_media":22476,"comment_status":"closed","ping_status":"closed","sticky":false,"template":"","format":"standard","meta":{"_bbp_topic_count":0,"_bbp_reply_count":0,"_bbp_total_topic_count":0,"_bbp_total_reply_count":0,"_bbp_voice_count":0,"_bbp_anonymous_reply_count":0,"_bbp_topic_count_hidden":0,"_bbp_reply_count_hidden":0,"_bbp_forum_subforum_count":0,"footnotes":""},"categories":[197,240,29,228,243],"tags":[122,170],"class_list":["post-22462","post","type-post","status-publish","format-standard","has-post-thumbnail","hentry","category-biblioteca","category-noticies","category-portada","category-projecte-taller","category-quetramem","tag-convivencia","tag-llengues"],"post_mailing_queue_ids":[],"_links":{"self":[{"href":"https:\/\/agora.xtec.cat\/iecadaques\/wp-json\/wp\/v2\/posts\/22462","targetHints":{"allow":["GET"]}}],"collection":[{"href":"https:\/\/agora.xtec.cat\/iecadaques\/wp-json\/wp\/v2\/posts"}],"about":[{"href":"https:\/\/agora.xtec.cat\/iecadaques\/wp-json\/wp\/v2\/types\/post"}],"author":[{"embeddable":true,"href":"https:\/\/agora.xtec.cat\/iecadaques\/wp-json\/wp\/v2\/users\/48"}],"replies":[{"embeddable":true,"href":"https:\/\/agora.xtec.cat\/iecadaques\/wp-json\/wp\/v2\/comments?post=22462"}],"version-history":[{"count":3,"href":"https:\/\/agora.xtec.cat\/iecadaques\/wp-json\/wp\/v2\/posts\/22462\/revisions"}],"predecessor-version":[{"id":22616,"href":"https:\/\/agora.xtec.cat\/iecadaques\/wp-json\/wp\/v2\/posts\/22462\/revisions\/22616"}],"wp:featuredmedia":[{"embeddable":true,"href":"https:\/\/agora.xtec.cat\/iecadaques\/wp-json\/wp\/v2\/media\/22476"}],"wp:attachment":[{"href":"https:\/\/agora.xtec.cat\/iecadaques\/wp-json\/wp\/v2\/media?parent=22462"}],"wp:term":[{"taxonomy":"category","embeddable":true,"href":"https:\/\/agora.xtec.cat\/iecadaques\/wp-json\/wp\/v2\/categories?post=22462"},{"taxonomy":"post_tag","embeddable":true,"href":"https:\/\/agora.xtec.cat\/iecadaques\/wp-json\/wp\/v2\/tags?post=22462"}],"curies":[{"name":"wp","href":"https:\/\/api.w.org\/{rel}","templated":true}]}}