{"id":22331,"date":"2021-07-04T23:19:01","date_gmt":"2021-07-04T21:19:01","guid":{"rendered":"https:\/\/agora.xtec.cat\/iecadaques\/?p=22331"},"modified":"2021-10-12T22:53:02","modified_gmt":"2021-10-12T20:53:02","slug":"reconeixement-a-la-feina-ben-feta","status":"publish","type":"post","link":"https:\/\/agora.xtec.cat\/iecadaques\/portada\/reconeixement-a-la-feina-ben-feta\/","title":{"rendered":"Reconeixement a la feina ben feta!"},"content":{"rendered":"<p>Avui celebrem que des des Programa biblioteca escolar Puntedu s&#8217;ha\u00a0referenciat es nostro centre per ses nostres bones pr\u00e0ctiques! Concretament, <strong>mos feliciten per la qualitat en la creaci\u00f3 des nostro blog de biblioteca escolar,<\/strong> fruit de l&#8217;esfor\u00e7 i dedicaci\u00f3 d&#8217;una de ses nostres mestres en el marc d&#8217;un curs de formaci\u00f3 docent.<\/p>\n<p>Aprofitem per animar-te a fer-hi una ullada i, sobretot, a estar-hi atent\/a durant es nou curs escolar, on hi anirem publicant novetats!<br \/>\n<b style=\"font-family: inherit; font-size: 1em;\"><\/b>Pots entrar-hi des des llibre que apareix a ses icones de sa cantonada superior dreta de sa nostra web:<\/p>\n<p><a href=\"https:\/\/agora.xtec.cat\/iecadaques\/wp-content\/uploads\/usu1969\/2021\/07\/iconaBE.jpg\"><img loading=\"lazy\" decoding=\"async\" class=\"alignnone wp-image-22332\" src=\"https:\/\/agora.xtec.cat\/iecadaques\/wp-content\/uploads\/usu1969\/2021\/07\/iconaBE-1024x413.jpg\" alt=\"\" width=\"900\" height=\"363\" srcset=\"https:\/\/agora.xtec.cat\/iecadaques\/wp-content\/uploads\/usu1969\/2021\/07\/iconaBE-1024x413.jpg 1024w, https:\/\/agora.xtec.cat\/iecadaques\/wp-content\/uploads\/usu1969\/2021\/07\/iconaBE-300x121.jpg 300w, https:\/\/agora.xtec.cat\/iecadaques\/wp-content\/uploads\/usu1969\/2021\/07\/iconaBE-768x309.jpg 768w, https:\/\/agora.xtec.cat\/iecadaques\/wp-content\/uploads\/usu1969\/2021\/07\/iconaBE.jpg 1752w\" sizes=\"auto, (max-width: 900px) 100vw, 900px\" \/><\/a><\/p>\n<p>I si vols saber m\u00e9s sobre es document on s&#8217;ha referenciat es nostro centre, clica sa imatge seg\u00fcent!<\/p>\n<p><a href=\"https:\/\/projectes.xtec.cat\/bescat\/wp-content\/uploads\/usu793\/2021\/07\/biblioteca_escolar_inclusio_acces_def.pdf\" target=\"_blank\" rel=\"noopener noreferrer\"><img loading=\"lazy\" decoding=\"async\" class=\"alignnone wp-image-22335\" src=\"https:\/\/agora.xtec.cat\/iecadaques\/wp-content\/uploads\/usu1969\/2021\/07\/portada-jpg-725x1024.jpg\" alt=\"\" width=\"350\" height=\"495\" srcset=\"https:\/\/agora.xtec.cat\/iecadaques\/wp-content\/uploads\/usu1969\/2021\/07\/portada-jpg-725x1024.jpg 725w, https:\/\/agora.xtec.cat\/iecadaques\/wp-content\/uploads\/usu1969\/2021\/07\/portada-jpg-212x300.jpg 212w, https:\/\/agora.xtec.cat\/iecadaques\/wp-content\/uploads\/usu1969\/2021\/07\/portada-jpg-768x1085.jpg 768w, https:\/\/agora.xtec.cat\/iecadaques\/wp-content\/uploads\/usu1969\/2021\/07\/portada-jpg.jpg 1241w\" sizes=\"auto, (max-width: 350px) 100vw, 350px\" \/><\/a><\/p>\n","protected":false},"excerpt":{"rendered":"<p>Avui celebrem que des des Programa biblioteca escolar Puntedu s&#8217;ha\u00a0referenciat es nostro centre per ses nostres bones pr\u00e0ctiques! Concretament, mos feliciten per la qualitat en la creaci\u00f3 des nostro blog de biblioteca escolar, fruit de l&#8217;esfor\u00e7 i dedicaci\u00f3 d&#8217;una de ses nostres mestres en el&hellip;  <a href=\"https:\/\/agora.xtec.cat\/iecadaques\/portada\/reconeixement-a-la-feina-ben-feta\/\" title=\"Read Reconeixement a la feina ben feta!\">Llegeix m\u00e9s\u00bb<\/a><\/p>\n","protected":false},"author":48,"featured_media":22350,"comment_status":"closed","ping_status":"closed","sticky":false,"template":"","format":"standard","meta":{"_bbp_topic_count":0,"_bbp_reply_count":0,"_bbp_total_topic_count":0,"_bbp_total_reply_count":0,"_bbp_voice_count":0,"_bbp_anonymous_reply_count":0,"_bbp_topic_count_hidden":0,"_bbp_reply_count_hidden":0,"_bbp_forum_subforum_count":0,"footnotes":""},"categories":[197,240,29],"tags":[170],"class_list":["post-22331","post","type-post","status-publish","format-standard","has-post-thumbnail","hentry","category-biblioteca","category-noticies","category-portada","tag-llengues"],"post_mailing_queue_ids":[],"_links":{"self":[{"href":"https:\/\/agora.xtec.cat\/iecadaques\/wp-json\/wp\/v2\/posts\/22331","targetHints":{"allow":["GET"]}}],"collection":[{"href":"https:\/\/agora.xtec.cat\/iecadaques\/wp-json\/wp\/v2\/posts"}],"about":[{"href":"https:\/\/agora.xtec.cat\/iecadaques\/wp-json\/wp\/v2\/types\/post"}],"author":[{"embeddable":true,"href":"https:\/\/agora.xtec.cat\/iecadaques\/wp-json\/wp\/v2\/users\/48"}],"replies":[{"embeddable":true,"href":"https:\/\/agora.xtec.cat\/iecadaques\/wp-json\/wp\/v2\/comments?post=22331"}],"version-history":[{"count":3,"href":"https:\/\/agora.xtec.cat\/iecadaques\/wp-json\/wp\/v2\/posts\/22331\/revisions"}],"predecessor-version":[{"id":22346,"href":"https:\/\/agora.xtec.cat\/iecadaques\/wp-json\/wp\/v2\/posts\/22331\/revisions\/22346"}],"wp:featuredmedia":[{"embeddable":true,"href":"https:\/\/agora.xtec.cat\/iecadaques\/wp-json\/wp\/v2\/media\/22350"}],"wp:attachment":[{"href":"https:\/\/agora.xtec.cat\/iecadaques\/wp-json\/wp\/v2\/media?parent=22331"}],"wp:term":[{"taxonomy":"category","embeddable":true,"href":"https:\/\/agora.xtec.cat\/iecadaques\/wp-json\/wp\/v2\/categories?post=22331"},{"taxonomy":"post_tag","embeddable":true,"href":"https:\/\/agora.xtec.cat\/iecadaques\/wp-json\/wp\/v2\/tags?post=22331"}],"curies":[{"name":"wp","href":"https:\/\/api.w.org\/{rel}","templated":true}]}}