{"id":22282,"date":"2021-06-08T19:12:28","date_gmt":"2021-06-08T17:12:28","guid":{"rendered":"https:\/\/agora.xtec.cat\/iecadaques\/?p=22282"},"modified":"2021-06-08T19:12:28","modified_gmt":"2021-06-08T17:12:28","slug":"dona-el-millor-de-tu-dona-sang","status":"publish","type":"post","link":"https:\/\/agora.xtec.cat\/iecadaques\/portada\/dona-el-millor-de-tu-dona-sang\/","title":{"rendered":"Dona el millor de tu, dona sang"},"content":{"rendered":"<p>Durant la classe d\u2019Emprenedoria a 3r d\u2019ESO vam rebre l\u2019agradable visita de la Maria i en Joan, amb un obsequi molt pr\u00e0ctic: una bossa de platja que ens recorda el lema \u201cDona el millor de tu, dona sang\u201d. Vam fer les valoracions posteriors al dia de la donaci\u00f3. Moltes gr\u00e0cies als membres del Banc de Sang tamb\u00e9 per aquesta experi\u00e8ncia que ens han proporcionat al projecte del Servei Comunitari.<\/p>\n<p><a href=\"https:\/\/agora.xtec.cat\/iecadaques\/wp-content\/uploads\/usu1969\/2021\/06\/IMG_6285.jpg\"><img decoding=\"async\" class=\"size-large wp-image-22283 aligncenter\" src=\"https:\/\/agora.xtec.cat\/iecadaques\/wp-content\/uploads\/usu1969\/2021\/06\/IMG_6285-1024x768.jpg\" alt=\"\" width=\"806\" height=\"\" srcset=\"https:\/\/agora.xtec.cat\/iecadaques\/wp-content\/uploads\/usu1969\/2021\/06\/IMG_6285-1024x768.jpg 1024w, https:\/\/agora.xtec.cat\/iecadaques\/wp-content\/uploads\/usu1969\/2021\/06\/IMG_6285-300x225.jpg 300w, https:\/\/agora.xtec.cat\/iecadaques\/wp-content\/uploads\/usu1969\/2021\/06\/IMG_6285-768x576.jpg 768w, https:\/\/agora.xtec.cat\/iecadaques\/wp-content\/uploads\/usu1969\/2021\/06\/IMG_6285-200x150.jpg 200w\" sizes=\"(max-width: 1024px) 100vw, 1024px\" \/><\/a><\/p>\n","protected":false},"excerpt":{"rendered":"<p>Durant la classe d\u2019Emprenedoria a 3r d\u2019ESO vam rebre l\u2019agradable visita de la Maria i en Joan, amb un obsequi molt pr\u00e0ctic: una bossa de platja que ens recorda el lema \u201cDona el millor de tu, dona sang\u201d. Vam fer les valoracions posteriors al dia&hellip;  <a href=\"https:\/\/agora.xtec.cat\/iecadaques\/portada\/dona-el-millor-de-tu-dona-sang\/\" title=\"Read Dona el millor de tu, dona sang\">Llegeix m\u00e9s\u00bb<\/a><\/p>\n","protected":false},"author":1,"featured_media":22283,"comment_status":"closed","ping_status":"closed","sticky":false,"template":"","format":"standard","meta":{"_bbp_topic_count":0,"_bbp_reply_count":0,"_bbp_total_topic_count":0,"_bbp_total_reply_count":0,"_bbp_voice_count":0,"_bbp_anonymous_reply_count":0,"_bbp_topic_count_hidden":0,"_bbp_reply_count_hidden":0,"_bbp_forum_subforum_count":0,"footnotes":""},"categories":[167,29],"tags":[131,133,176],"class_list":["post-22282","post","type-post","status-publish","format-standard","has-post-thumbnail","hentry","category-eso","category-portada","tag-eso3","tag-actes","tag-social"],"post_mailing_queue_ids":[],"_links":{"self":[{"href":"https:\/\/agora.xtec.cat\/iecadaques\/wp-json\/wp\/v2\/posts\/22282","targetHints":{"allow":["GET"]}}],"collection":[{"href":"https:\/\/agora.xtec.cat\/iecadaques\/wp-json\/wp\/v2\/posts"}],"about":[{"href":"https:\/\/agora.xtec.cat\/iecadaques\/wp-json\/wp\/v2\/types\/post"}],"author":[{"embeddable":true,"href":"https:\/\/agora.xtec.cat\/iecadaques\/wp-json\/wp\/v2\/users\/1"}],"replies":[{"embeddable":true,"href":"https:\/\/agora.xtec.cat\/iecadaques\/wp-json\/wp\/v2\/comments?post=22282"}],"version-history":[{"count":3,"href":"https:\/\/agora.xtec.cat\/iecadaques\/wp-json\/wp\/v2\/posts\/22282\/revisions"}],"predecessor-version":[{"id":22287,"href":"https:\/\/agora.xtec.cat\/iecadaques\/wp-json\/wp\/v2\/posts\/22282\/revisions\/22287"}],"wp:featuredmedia":[{"embeddable":true,"href":"https:\/\/agora.xtec.cat\/iecadaques\/wp-json\/wp\/v2\/media\/22283"}],"wp:attachment":[{"href":"https:\/\/agora.xtec.cat\/iecadaques\/wp-json\/wp\/v2\/media?parent=22282"}],"wp:term":[{"taxonomy":"category","embeddable":true,"href":"https:\/\/agora.xtec.cat\/iecadaques\/wp-json\/wp\/v2\/categories?post=22282"},{"taxonomy":"post_tag","embeddable":true,"href":"https:\/\/agora.xtec.cat\/iecadaques\/wp-json\/wp\/v2\/tags?post=22282"}],"curies":[{"name":"wp","href":"https:\/\/api.w.org\/{rel}","templated":true}]}}