{"id":22276,"date":"2021-06-03T11:39:12","date_gmt":"2021-06-03T09:39:12","guid":{"rendered":"https:\/\/agora.xtec.cat\/iecadaques\/?p=22276"},"modified":"2021-11-12T19:34:35","modified_gmt":"2021-11-12T18:34:35","slug":"erradiquem-lungla-de-gat","status":"publish","type":"post","link":"https:\/\/agora.xtec.cat\/iecadaques\/portada\/erradiquem-lungla-de-gat\/","title":{"rendered":"Erradiquem l&#8217;ungla de gat"},"content":{"rendered":"<p style=\"text-align: justify;\">El passat 19 de maig, la comissi\u00f3 d\u00b4escoles verdes del centre va assistir al F\u00f2rum virtual d\u00b4escoles verdes de l\u00b4Alt Empord\u00e0 i Ripoll\u00e8s, per\u00a0 presentar l\u00b4actuaci\u00f3 \u201c Erradicaci\u00f3 de la planta invasora Carpobrotus\u201d. En aquesta trobada virtual hi\u00a0 participaren els delegats\/des verds de 5\u00e8 i 6\u00e8 de prim\u00e0ria i els de 1r a 4t d\u00b4ESO, juntament amb els membres de la comissi\u00f3 d\u2019escola verda.<\/p>\n<p style=\"text-align: justify;\">La resta de centres participants al F\u00f2rum, ens varen felicitar per aquesta actuaci\u00f3 tan laboriosa i beneficiosa pel nostre entorn natural.<\/p>\n<p>https:\/\/youtu.be\/3k6N7Md-REc<\/p>\n","protected":false},"excerpt":{"rendered":"<p>El passat 19 de maig, la comissi\u00f3 d\u00b4escoles verdes del centre va assistir al F\u00f2rum virtual d\u00b4escoles verdes de l\u00b4Alt Empord\u00e0 i Ripoll\u00e8s, per\u00a0 presentar l\u00b4actuaci\u00f3 \u201c Erradicaci\u00f3 de la planta invasora Carpobrotus\u201d. En aquesta trobada virtual hi\u00a0 participaren els delegats\/des verds de 5\u00e8 i&hellip;  <a href=\"https:\/\/agora.xtec.cat\/iecadaques\/portada\/erradiquem-lungla-de-gat\/\" title=\"Read Erradiquem l&#8217;ungla de gat\">Llegeix m\u00e9s\u00bb<\/a><\/p>\n","protected":false},"author":1,"featured_media":22277,"comment_status":"closed","ping_status":"closed","sticky":false,"template":"","format":"standard","meta":{"_bbp_topic_count":0,"_bbp_reply_count":0,"_bbp_total_topic_count":0,"_bbp_total_reply_count":0,"_bbp_voice_count":0,"_bbp_anonymous_reply_count":0,"_bbp_topic_count_hidden":0,"_bbp_reply_count_hidden":0,"_bbp_forum_subforum_count":0,"footnotes":""},"categories":[159,198,167,29],"tags":[],"class_list":["post-22276","post","type-post","status-publish","format-standard","has-post-thumbnail","hentry","category-cs","category-escolaverda","category-eso","category-portada"],"post_mailing_queue_ids":[],"_links":{"self":[{"href":"https:\/\/agora.xtec.cat\/iecadaques\/wp-json\/wp\/v2\/posts\/22276","targetHints":{"allow":["GET"]}}],"collection":[{"href":"https:\/\/agora.xtec.cat\/iecadaques\/wp-json\/wp\/v2\/posts"}],"about":[{"href":"https:\/\/agora.xtec.cat\/iecadaques\/wp-json\/wp\/v2\/types\/post"}],"author":[{"embeddable":true,"href":"https:\/\/agora.xtec.cat\/iecadaques\/wp-json\/wp\/v2\/users\/1"}],"replies":[{"embeddable":true,"href":"https:\/\/agora.xtec.cat\/iecadaques\/wp-json\/wp\/v2\/comments?post=22276"}],"version-history":[{"count":1,"href":"https:\/\/agora.xtec.cat\/iecadaques\/wp-json\/wp\/v2\/posts\/22276\/revisions"}],"predecessor-version":[{"id":22278,"href":"https:\/\/agora.xtec.cat\/iecadaques\/wp-json\/wp\/v2\/posts\/22276\/revisions\/22278"}],"wp:featuredmedia":[{"embeddable":true,"href":"https:\/\/agora.xtec.cat\/iecadaques\/wp-json\/wp\/v2\/media\/22277"}],"wp:attachment":[{"href":"https:\/\/agora.xtec.cat\/iecadaques\/wp-json\/wp\/v2\/media?parent=22276"}],"wp:term":[{"taxonomy":"category","embeddable":true,"href":"https:\/\/agora.xtec.cat\/iecadaques\/wp-json\/wp\/v2\/categories?post=22276"},{"taxonomy":"post_tag","embeddable":true,"href":"https:\/\/agora.xtec.cat\/iecadaques\/wp-json\/wp\/v2\/tags?post=22276"}],"curies":[{"name":"wp","href":"https:\/\/api.w.org\/{rel}","templated":true}]}}