{"id":21843,"date":"2021-04-13T12:26:03","date_gmt":"2021-04-13T10:26:03","guid":{"rendered":"https:\/\/agora.xtec.cat\/iecadaques\/?p=21843"},"modified":"2021-04-13T12:26:03","modified_gmt":"2021-04-13T10:26:03","slug":"sortida-a-la-mina-de-ferro-i-mas-bufadors","status":"publish","type":"post","link":"https:\/\/agora.xtec.cat\/iecadaques\/portada\/sortida-a-la-mina-de-ferro-i-mas-bufadors\/","title":{"rendered":"Sortida a la Mina de ferro i Mas Bufadors"},"content":{"rendered":"<p>El divendres 26 de mar\u00e7 ses alumnes de cicle mitj\u00e0 vam anar d\u2019excursi\u00f3 a la mina de ferro i Mas Bufadors. En\u00a0 Joan Torres i en Josep Maria Verdaguer mus van fer de guies, vam aprendre molt de tot el que mus van explicar.<\/p>\n<p>Mus va agradar molt poder entrar a la mina de ferro ! Tamb\u00e9 vam\u00a0 visitar ses restes des dolmen de God\u00f3.<\/p>\n<p>Al migdia vam arribar a Mas Bufadors, all\u00e0 vam dinar, jugar i descansar. Finalment vam reprendre es cam\u00ed cap a sa casa passant per la font de Maiad\u00e9u.<\/p>\n<p>https:\/\/youtu.be\/9lVXSklC1qc<\/p>\n","protected":false},"excerpt":{"rendered":"<p>El divendres 26 de mar\u00e7 ses alumnes de cicle mitj\u00e0 vam anar d\u2019excursi\u00f3 a la mina de ferro i Mas Bufadors. En\u00a0 Joan Torres i en Josep Maria Verdaguer mus van fer de guies, vam aprendre molt de tot el que mus van explicar.<br \/>\nMus va&hellip;  <a href=\"https:\/\/agora.xtec.cat\/iecadaques\/portada\/sortida-a-la-mina-de-ferro-i-mas-bufadors\/\" title=\"Read Sortida a la Mina de ferro i Mas Bufadors\">Llegeix m\u00e9s\u00bb<\/a><\/p>\n","protected":false},"author":1,"featured_media":21844,"comment_status":"closed","ping_status":"closed","sticky":false,"template":"","format":"standard","meta":{"_bbp_topic_count":0,"_bbp_reply_count":0,"_bbp_total_topic_count":0,"_bbp_total_reply_count":0,"_bbp_voice_count":0,"_bbp_anonymous_reply_count":0,"_bbp_topic_count_hidden":0,"_bbp_reply_count_hidden":0,"_bbp_forum_subforum_count":0,"footnotes":""},"categories":[158,29],"tags":[182,183],"class_list":["post-21843","post","type-post","status-publish","format-standard","has-post-thumbnail","hentry","category-cm","category-portada","tag-pri3","tag-pri4"],"post_mailing_queue_ids":[],"_links":{"self":[{"href":"https:\/\/agora.xtec.cat\/iecadaques\/wp-json\/wp\/v2\/posts\/21843","targetHints":{"allow":["GET"]}}],"collection":[{"href":"https:\/\/agora.xtec.cat\/iecadaques\/wp-json\/wp\/v2\/posts"}],"about":[{"href":"https:\/\/agora.xtec.cat\/iecadaques\/wp-json\/wp\/v2\/types\/post"}],"author":[{"embeddable":true,"href":"https:\/\/agora.xtec.cat\/iecadaques\/wp-json\/wp\/v2\/users\/1"}],"replies":[{"embeddable":true,"href":"https:\/\/agora.xtec.cat\/iecadaques\/wp-json\/wp\/v2\/comments?post=21843"}],"version-history":[{"count":1,"href":"https:\/\/agora.xtec.cat\/iecadaques\/wp-json\/wp\/v2\/posts\/21843\/revisions"}],"predecessor-version":[{"id":21845,"href":"https:\/\/agora.xtec.cat\/iecadaques\/wp-json\/wp\/v2\/posts\/21843\/revisions\/21845"}],"wp:featuredmedia":[{"embeddable":true,"href":"https:\/\/agora.xtec.cat\/iecadaques\/wp-json\/wp\/v2\/media\/21844"}],"wp:attachment":[{"href":"https:\/\/agora.xtec.cat\/iecadaques\/wp-json\/wp\/v2\/media?parent=21843"}],"wp:term":[{"taxonomy":"category","embeddable":true,"href":"https:\/\/agora.xtec.cat\/iecadaques\/wp-json\/wp\/v2\/categories?post=21843"},{"taxonomy":"post_tag","embeddable":true,"href":"https:\/\/agora.xtec.cat\/iecadaques\/wp-json\/wp\/v2\/tags?post=21843"}],"curies":[{"name":"wp","href":"https:\/\/api.w.org\/{rel}","templated":true}]}}