{"id":21816,"date":"2021-04-08T10:56:42","date_gmt":"2021-04-08T08:56:42","guid":{"rendered":"https:\/\/agora.xtec.cat\/iecadaques\/?p=21816"},"modified":"2021-04-08T10:56:42","modified_gmt":"2021-04-08T08:56:42","slug":"presentacio-2n-cultura-classica-i-visual-i-plastica","status":"publish","type":"post","link":"https:\/\/agora.xtec.cat\/iecadaques\/portada\/presentacio-2n-cultura-classica-i-visual-i-plastica\/","title":{"rendered":"Presentaci\u00f3 2n Cultura cl\u00e0ssica i Visual i pl\u00e0stica"},"content":{"rendered":"<p>La mitologia greco-romana ha estat una important font d\u2019inspiraci\u00f3 per a l\u2019art occidental de tots els temps. Per aquest motiu, a les classes de Cultura Cl\u00e0ssica i de Visual i Pl\u00e0stica de 2on ESO, hem treballat aquesta tem\u00e0tica conjuntament. Cada alumne ha escollit un d\u00e9u\u00a0 grec, ha narrat el seu mite i l\u2019ha interpretat art\u00edsticament mitjan\u00e7ant el collage, el dibuix i la pintura. Aqu\u00ed en teniu la mostra. I que els d\u00e9us us acompanyin!<\/p>\n<p>https:\/\/drive.google.com\/file\/d\/1cjXwoxAa556I8aBENB39hMSMGicGpKVl\/view?usp=sharing<\/p>\n<p><a href=\"https:\/\/agora.xtec.cat\/iecadaques\/wp-content\/uploads\/usu1969\/2021\/04\/posid\u00f3.jpg\"><img loading=\"lazy\" decoding=\"async\" class=\"alignnone size-large wp-image-21817\" src=\"https:\/\/agora.xtec.cat\/iecadaques\/wp-content\/uploads\/usu1969\/2021\/04\/posid\u00f3-1024x706.jpg\" alt=\"\" width=\"1024\" height=\"706\" srcset=\"https:\/\/agora.xtec.cat\/iecadaques\/wp-content\/uploads\/usu1969\/2021\/04\/posid\u00f3-1024x706.jpg 1024w, https:\/\/agora.xtec.cat\/iecadaques\/wp-content\/uploads\/usu1969\/2021\/04\/posid\u00f3-300x207.jpg 300w, https:\/\/agora.xtec.cat\/iecadaques\/wp-content\/uploads\/usu1969\/2021\/04\/posid\u00f3-768x529.jpg 768w, https:\/\/agora.xtec.cat\/iecadaques\/wp-content\/uploads\/usu1969\/2021\/04\/posid\u00f3.jpg 1548w\" sizes=\"auto, (max-width: 1024px) 100vw, 1024px\" \/><\/a><\/p>\n","protected":false},"excerpt":{"rendered":"<p>La mitologia greco-romana ha estat una important font d\u2019inspiraci\u00f3 per a l\u2019art occidental de tots els temps. Per aquest motiu, a les classes de Cultura Cl\u00e0ssica i de Visual i Pl\u00e0stica de 2on ESO, hem treballat aquesta tem\u00e0tica conjuntament. Cada alumne ha escollit un d\u00e9u\u00a0&hellip;  <a href=\"https:\/\/agora.xtec.cat\/iecadaques\/portada\/presentacio-2n-cultura-classica-i-visual-i-plastica\/\" title=\"Read Presentaci\u00f3 2n Cultura cl\u00e0ssica i Visual i pl\u00e0stica\">Llegeix m\u00e9s\u00bb<\/a><\/p>\n","protected":false},"author":1,"featured_media":21817,"comment_status":"closed","ping_status":"closed","sticky":false,"template":"","format":"standard","meta":{"_bbp_topic_count":0,"_bbp_reply_count":0,"_bbp_total_topic_count":0,"_bbp_total_reply_count":0,"_bbp_voice_count":0,"_bbp_anonymous_reply_count":0,"_bbp_topic_count_hidden":0,"_bbp_reply_count_hidden":0,"_bbp_forum_subforum_count":0,"footnotes":""},"categories":[167,29],"tags":[120,128],"class_list":["post-21816","post","type-post","status-publish","format-standard","has-post-thumbnail","hentry","category-eso","category-portada","tag-eso2","tag-art"],"post_mailing_queue_ids":[],"_links":{"self":[{"href":"https:\/\/agora.xtec.cat\/iecadaques\/wp-json\/wp\/v2\/posts\/21816","targetHints":{"allow":["GET"]}}],"collection":[{"href":"https:\/\/agora.xtec.cat\/iecadaques\/wp-json\/wp\/v2\/posts"}],"about":[{"href":"https:\/\/agora.xtec.cat\/iecadaques\/wp-json\/wp\/v2\/types\/post"}],"author":[{"embeddable":true,"href":"https:\/\/agora.xtec.cat\/iecadaques\/wp-json\/wp\/v2\/users\/1"}],"replies":[{"embeddable":true,"href":"https:\/\/agora.xtec.cat\/iecadaques\/wp-json\/wp\/v2\/comments?post=21816"}],"version-history":[{"count":1,"href":"https:\/\/agora.xtec.cat\/iecadaques\/wp-json\/wp\/v2\/posts\/21816\/revisions"}],"predecessor-version":[{"id":21818,"href":"https:\/\/agora.xtec.cat\/iecadaques\/wp-json\/wp\/v2\/posts\/21816\/revisions\/21818"}],"wp:featuredmedia":[{"embeddable":true,"href":"https:\/\/agora.xtec.cat\/iecadaques\/wp-json\/wp\/v2\/media\/21817"}],"wp:attachment":[{"href":"https:\/\/agora.xtec.cat\/iecadaques\/wp-json\/wp\/v2\/media?parent=21816"}],"wp:term":[{"taxonomy":"category","embeddable":true,"href":"https:\/\/agora.xtec.cat\/iecadaques\/wp-json\/wp\/v2\/categories?post=21816"},{"taxonomy":"post_tag","embeddable":true,"href":"https:\/\/agora.xtec.cat\/iecadaques\/wp-json\/wp\/v2\/tags?post=21816"}],"curies":[{"name":"wp","href":"https:\/\/api.w.org\/{rel}","templated":true}]}}