{"id":21810,"date":"2021-04-08T10:26:56","date_gmt":"2021-04-08T08:26:56","guid":{"rendered":"https:\/\/agora.xtec.cat\/iecadaques\/?p=21810"},"modified":"2021-04-08T10:26:56","modified_gmt":"2021-04-08T08:26:56","slug":"presentation-gastronomie-4-eme","status":"publish","type":"post","link":"https:\/\/agora.xtec.cat\/iecadaques\/portada\/presentation-gastronomie-4-eme\/","title":{"rendered":"Presentation gastronomie 4 \u00e8me"},"content":{"rendered":"<p>La gastronomie\u00a0 est l\u2019une des composantes les plus connues de la culture fran\u00e7aise. Avec les \u00e9l\u00e8ves de 4\u00e8me ESO, nous avons travaill\u00e9 quelques recettes traditionnelles que nous souhaitons partager avec vous. Voici une sp\u00e9cialit\u00e9 sucr\u00e9e et sal\u00e9e pour le bonheur de tous les gourmands. Vous pouvez essayer de les faire. Bon app\u00e9tit\u00a0!<\/p>\n<p><a href=\"https:\/\/agora.xtec.cat\/iecadaques\/wp-content\/uploads\/usu1969\/2021\/04\/Tartiflette-recette.pptx\">Tartiflette recette<\/a><\/p>\n<p><a href=\"https:\/\/agora.xtec.cat\/iecadaques\/wp-content\/uploads\/usu1969\/2021\/04\/clarajana.jpg\"><img loading=\"lazy\" decoding=\"async\" class=\"alignnone size-large wp-image-21813\" src=\"https:\/\/agora.xtec.cat\/iecadaques\/wp-content\/uploads\/usu1969\/2021\/04\/clarajana-1024x746.jpg\" alt=\"\" width=\"1024\" height=\"746\" srcset=\"https:\/\/agora.xtec.cat\/iecadaques\/wp-content\/uploads\/usu1969\/2021\/04\/clarajana-1024x746.jpg 1024w, https:\/\/agora.xtec.cat\/iecadaques\/wp-content\/uploads\/usu1969\/2021\/04\/clarajana-300x219.jpg 300w, https:\/\/agora.xtec.cat\/iecadaques\/wp-content\/uploads\/usu1969\/2021\/04\/clarajana-768x560.jpg 768w, https:\/\/agora.xtec.cat\/iecadaques\/wp-content\/uploads\/usu1969\/2021\/04\/clarajana.jpg 1098w\" sizes=\"auto, (max-width: 1024px) 100vw, 1024px\" \/><\/a><\/p>\n<p><a href=\"https:\/\/agora.xtec.cat\/iecadaques\/wp-content\/uploads\/usu1969\/2021\/04\/Clafoutis-recette.pptx\">Clafoutis recette<\/a>\u00a0 <a href=\"https:\/\/agora.xtec.cat\/iecadaques\/wp-content\/uploads\/usu1969\/2021\/04\/ferraniu.jpg\"><img loading=\"lazy\" decoding=\"async\" class=\"alignnone size-large wp-image-21814\" src=\"https:\/\/agora.xtec.cat\/iecadaques\/wp-content\/uploads\/usu1969\/2021\/04\/ferraniu-1024x768.jpg\" alt=\"\" width=\"1024\" height=\"768\" srcset=\"https:\/\/agora.xtec.cat\/iecadaques\/wp-content\/uploads\/usu1969\/2021\/04\/ferraniu.jpg 1024w, https:\/\/agora.xtec.cat\/iecadaques\/wp-content\/uploads\/usu1969\/2021\/04\/ferraniu-300x225.jpg 300w, https:\/\/agora.xtec.cat\/iecadaques\/wp-content\/uploads\/usu1969\/2021\/04\/ferraniu-768x576.jpg 768w, https:\/\/agora.xtec.cat\/iecadaques\/wp-content\/uploads\/usu1969\/2021\/04\/ferraniu-200x150.jpg 200w\" sizes=\"auto, (max-width: 1024px) 100vw, 1024px\" \/><\/a><\/p>\n<p>&nbsp;<\/p>\n<p>&nbsp;<\/p>\n","protected":false},"excerpt":{"rendered":"<p>La gastronomie\u00a0 est l\u2019une des composantes les plus connues de la culture fran\u00e7aise. Avec les \u00e9l\u00e8ves de 4\u00e8me ESO, nous avons travaill\u00e9 quelques recettes traditionnelles que nous souhaitons partager avec vous. Voici une sp\u00e9cialit\u00e9 sucr\u00e9e et sal\u00e9e pour le bonheur de tous les gourmands. Vous&hellip;  <a href=\"https:\/\/agora.xtec.cat\/iecadaques\/portada\/presentation-gastronomie-4-eme\/\" title=\"Read Presentation gastronomie 4 \u00e8me\">Llegeix m\u00e9s\u00bb<\/a><\/p>\n","protected":false},"author":1,"featured_media":21814,"comment_status":"closed","ping_status":"closed","sticky":false,"template":"","format":"standard","meta":{"_bbp_topic_count":0,"_bbp_reply_count":0,"_bbp_total_topic_count":0,"_bbp_total_reply_count":0,"_bbp_voice_count":0,"_bbp_anonymous_reply_count":0,"_bbp_topic_count_hidden":0,"_bbp_reply_count_hidden":0,"_bbp_forum_subforum_count":0,"footnotes":""},"categories":[167,29],"tags":[129,170],"class_list":["post-21810","post","type-post","status-publish","format-standard","has-post-thumbnail","hentry","category-eso","category-portada","tag-eso4","tag-llengues"],"post_mailing_queue_ids":[],"_links":{"self":[{"href":"https:\/\/agora.xtec.cat\/iecadaques\/wp-json\/wp\/v2\/posts\/21810","targetHints":{"allow":["GET"]}}],"collection":[{"href":"https:\/\/agora.xtec.cat\/iecadaques\/wp-json\/wp\/v2\/posts"}],"about":[{"href":"https:\/\/agora.xtec.cat\/iecadaques\/wp-json\/wp\/v2\/types\/post"}],"author":[{"embeddable":true,"href":"https:\/\/agora.xtec.cat\/iecadaques\/wp-json\/wp\/v2\/users\/1"}],"replies":[{"embeddable":true,"href":"https:\/\/agora.xtec.cat\/iecadaques\/wp-json\/wp\/v2\/comments?post=21810"}],"version-history":[{"count":1,"href":"https:\/\/agora.xtec.cat\/iecadaques\/wp-json\/wp\/v2\/posts\/21810\/revisions"}],"predecessor-version":[{"id":21815,"href":"https:\/\/agora.xtec.cat\/iecadaques\/wp-json\/wp\/v2\/posts\/21810\/revisions\/21815"}],"wp:featuredmedia":[{"embeddable":true,"href":"https:\/\/agora.xtec.cat\/iecadaques\/wp-json\/wp\/v2\/media\/21814"}],"wp:attachment":[{"href":"https:\/\/agora.xtec.cat\/iecadaques\/wp-json\/wp\/v2\/media?parent=21810"}],"wp:term":[{"taxonomy":"category","embeddable":true,"href":"https:\/\/agora.xtec.cat\/iecadaques\/wp-json\/wp\/v2\/categories?post=21810"},{"taxonomy":"post_tag","embeddable":true,"href":"https:\/\/agora.xtec.cat\/iecadaques\/wp-json\/wp\/v2\/tags?post=21810"}],"curies":[{"name":"wp","href":"https:\/\/api.w.org\/{rel}","templated":true}]}}