{"id":21740,"date":"2021-03-16T23:09:18","date_gmt":"2021-03-16T22:09:18","guid":{"rendered":"https:\/\/agora.xtec.cat\/iecadaques\/?p=21740"},"modified":"2021-03-18T23:01:29","modified_gmt":"2021-03-18T22:01:29","slug":"10-anys-de-conflicte-a-siria","status":"publish","type":"post","link":"https:\/\/agora.xtec.cat\/iecadaques\/general\/10-anys-de-conflicte-a-siria\/","title":{"rendered":"10 anys de conflicte a S\u00edria"},"content":{"rendered":"<p>Arrel des conflicte a S\u00edria (com tamb\u00e9 passa a d&#8217;altres territoris), moltes fam\u00edlies es veuen obligades a escapar des seu pa\u00eds per a sobreviure. Per a fer-ho, es troben for\u00e7ades a posar en perill sa seu vida intentant arribar sanes i est\u00e0lvies, en nombroses ocasions, a un camp de refugiats.<\/p>\n<p>A l&#8217;escola, la Nora mos explica que col\u00b7labora amb es nens i nenes refugiats i ses seus fam\u00edlies a trav\u00e9s d&#8217;un grup de micromecenatge. El micromecenatge consisteix en ajudar a altres persones amb causes solid\u00e0ries a trav\u00e9s d&#8217;aportacions molt i molt petites que, amb la uni\u00f3 de molts participants, permeten assolir grans objectius.<\/p>\n<p>Fins i tot algunes fam\u00edlies han col\u00b7laborat tradu\u00efnt informaci\u00f3 b\u00e0sica del projecte per tal d&#8217;acostar-lo a les persones franc\u00f2fones i italianoparlants! Si vols ajudar a traduir-la tamb\u00e9 a portugu\u00e8s i alemany, posa&#8217;t en contacte amb nosatros!<\/p>\n<p>D&#8217;aquesta iniciativa, se&#8217;n fa ress\u00f3 el diari Empord\u00e0:<\/p>\n<p><a href=\"https:\/\/agora.xtec.cat\/iecadaques\/wp-content\/uploads\/usu1969\/2021\/03\/FOTO.jpeg\"><img loading=\"lazy\" decoding=\"async\" class=\"alignnone size-full wp-image-21757\" src=\"https:\/\/agora.xtec.cat\/iecadaques\/wp-content\/uploads\/usu1969\/2021\/03\/FOTO.jpeg\" alt=\"\" width=\"1600\" height=\"1144\" srcset=\"https:\/\/agora.xtec.cat\/iecadaques\/wp-content\/uploads\/usu1969\/2021\/03\/FOTO.jpeg 1600w, https:\/\/agora.xtec.cat\/iecadaques\/wp-content\/uploads\/usu1969\/2021\/03\/FOTO-300x215.jpeg 300w, https:\/\/agora.xtec.cat\/iecadaques\/wp-content\/uploads\/usu1969\/2021\/03\/FOTO-768x549.jpeg 768w, https:\/\/agora.xtec.cat\/iecadaques\/wp-content\/uploads\/usu1969\/2021\/03\/FOTO-1024x732.jpeg 1024w\" sizes=\"auto, (max-width: 1600px) 100vw, 1600px\" \/><\/a><\/p>\n<p>I tamb\u00e9 el Diari de Girona!<\/p>\n<p>Des d&#8217;aqu\u00ed pots llegir sa not\u00edcia a la <a href=\"https:\/\/www.emporda.info\/comarca\/2021\/03\/16\/cadaquesenca-nora-vehi-ha-recaptat\/490260.html\">font original<\/a>!<\/p>\n<p>I si tens ganes de saber-ne m\u00e9s o col\u00b7laborar-hi, fes un cop d&#8217;ull a <a style=\"font-family: inherit; font-size: 1em;\" href=\"https:\/\/www.teaming.net\/acnur\">www.teaming.net\/acnur<\/a><\/p>\n","protected":false},"excerpt":{"rendered":"<p>A l&#8217;escola, la Nora mos explica que col\u00b7labora amb es nens i nenes refugiats i ses seus fam\u00edlies a trav\u00e9s d&#8217;un grup de micromecenatge.&hellip;  <a href=\"https:\/\/agora.xtec.cat\/iecadaques\/general\/10-anys-de-conflicte-a-siria\/\" title=\"Read 10 anys de conflicte a S\u00edria\">Llegeix m\u00e9s\u00bb<\/a><\/p>\n","protected":false},"author":48,"featured_media":21760,"comment_status":"closed","ping_status":"closed","sticky":false,"template":"","format":"standard","meta":{"_bbp_topic_count":0,"_bbp_reply_count":0,"_bbp_total_topic_count":0,"_bbp_total_reply_count":0,"_bbp_voice_count":0,"_bbp_anonymous_reply_count":0,"_bbp_topic_count_hidden":0,"_bbp_reply_count_hidden":0,"_bbp_forum_subforum_count":0,"footnotes":""},"categories":[1,240,29],"tags":[122,179,176],"class_list":["post-21740","post","type-post","status-publish","format-standard","has-post-thumbnail","hentry","category-general","category-noticies","category-portada","tag-convivencia","tag-p5","tag-social"],"post_mailing_queue_ids":[],"_links":{"self":[{"href":"https:\/\/agora.xtec.cat\/iecadaques\/wp-json\/wp\/v2\/posts\/21740","targetHints":{"allow":["GET"]}}],"collection":[{"href":"https:\/\/agora.xtec.cat\/iecadaques\/wp-json\/wp\/v2\/posts"}],"about":[{"href":"https:\/\/agora.xtec.cat\/iecadaques\/wp-json\/wp\/v2\/types\/post"}],"author":[{"embeddable":true,"href":"https:\/\/agora.xtec.cat\/iecadaques\/wp-json\/wp\/v2\/users\/48"}],"replies":[{"embeddable":true,"href":"https:\/\/agora.xtec.cat\/iecadaques\/wp-json\/wp\/v2\/comments?post=21740"}],"version-history":[{"count":3,"href":"https:\/\/agora.xtec.cat\/iecadaques\/wp-json\/wp\/v2\/posts\/21740\/revisions"}],"predecessor-version":[{"id":21762,"href":"https:\/\/agora.xtec.cat\/iecadaques\/wp-json\/wp\/v2\/posts\/21740\/revisions\/21762"}],"wp:featuredmedia":[{"embeddable":true,"href":"https:\/\/agora.xtec.cat\/iecadaques\/wp-json\/wp\/v2\/media\/21760"}],"wp:attachment":[{"href":"https:\/\/agora.xtec.cat\/iecadaques\/wp-json\/wp\/v2\/media?parent=21740"}],"wp:term":[{"taxonomy":"category","embeddable":true,"href":"https:\/\/agora.xtec.cat\/iecadaques\/wp-json\/wp\/v2\/categories?post=21740"},{"taxonomy":"post_tag","embeddable":true,"href":"https:\/\/agora.xtec.cat\/iecadaques\/wp-json\/wp\/v2\/tags?post=21740"}],"curies":[{"name":"wp","href":"https:\/\/api.w.org\/{rel}","templated":true}]}}