{"id":21689,"date":"2021-03-13T17:32:44","date_gmt":"2021-03-13T16:32:44","guid":{"rendered":"https:\/\/agora.xtec.cat\/iecadaques\/?p=21689"},"modified":"2021-03-14T09:10:41","modified_gmt":"2021-03-14T08:10:41","slug":"premis-8-de-marc-maria-rosa-ymbert","status":"publish","type":"post","link":"https:\/\/agora.xtec.cat\/iecadaques\/general\/premis-8-de-marc-maria-rosa-ymbert\/","title":{"rendered":"Premis 8 de mar\u00e7 Maria Rosa Ymbert"},"content":{"rendered":"<p>L\u2019alumna, Zoe Prudkin de 3r d\u2019ESO, ha estat la guanyadora del tercer guard\u00f3 en els Premis 8 de mar\u00e7 Rosa Maria Ymbert contra la desigualtat de g\u00e8nere, per a estudiants de 3r i 4t d\u2019ESO de l\u2019Alt Empord\u00e0 organitzats per l\u2019Ajuntament de Figueres. L\u2019obra que va presentar duia per t\u00edtol Moltes cares. Dilluns, dia 8 de mar\u00e7, es van lliurar els premis.<\/p>\n<p><img decoding=\"async\" class=\"size-large wp-image-21690 alignnone\" src=\"https:\/\/agora.xtec.cat\/iecadaques\/wp-content\/uploads\/usu1969\/2021\/03\/IMG_7746-734x1024.jpg\" alt=\"\" width=\"47.5%\" height=\"\" srcset=\"https:\/\/agora.xtec.cat\/iecadaques\/wp-content\/uploads\/usu1969\/2021\/03\/IMG_7746-734x1024.jpg 734w, https:\/\/agora.xtec.cat\/iecadaques\/wp-content\/uploads\/usu1969\/2021\/03\/IMG_7746-215x300.jpg 215w, https:\/\/agora.xtec.cat\/iecadaques\/wp-content\/uploads\/usu1969\/2021\/03\/IMG_7746-768x1071.jpg 768w, https:\/\/agora.xtec.cat\/iecadaques\/wp-content\/uploads\/usu1969\/2021\/03\/IMG_7746.jpg 794w\" sizes=\"(max-width: 734px) 100vw, 734px\" \/><\/p>\n<p>D&#8217;aquesta proposta, el jurat destaca que \u00e9s un crit a la diversitat per una mateixa finalitat; tamb\u00e9 que s&#8217;aconsegueixi la diversitat de dones formant una \u00fanica imatge a trav\u00e9s de la t\u00e8cnica del collage, representant l&#8217;ess\u00e8ncia femenina que, tot i que som de diferents edats, or\u00edgens, classes, totes som dones i ens uneix una mateixa reivindicaci\u00f3.<\/p>\n<p><a href=\"https:\/\/agora.xtec.cat\/iecadaques\/wp-content\/uploads\/usu1969\/2021\/03\/IMG_7748.jpg\"><img decoding=\"async\" class=\"alignnone size-large wp-image-21692\" src=\"https:\/\/agora.xtec.cat\/iecadaques\/wp-content\/uploads\/usu1969\/2021\/03\/IMG_7748.jpg\" alt=\"\" width=\"80%\" height=\"\" srcset=\"https:\/\/agora.xtec.cat\/iecadaques\/wp-content\/uploads\/usu1969\/2021\/03\/IMG_7748.jpg 828w, https:\/\/agora.xtec.cat\/iecadaques\/wp-content\/uploads\/usu1969\/2021\/03\/IMG_7748-300x196.jpg 300w, https:\/\/agora.xtec.cat\/iecadaques\/wp-content\/uploads\/usu1969\/2021\/03\/IMG_7748-768x503.jpg 768w\" sizes=\"(max-width: 828px) 100vw, 828px\" \/><\/a><\/p>\n<p><a href=\"https:\/\/agora.xtec.cat\/iecadaques\/wp-content\/uploads\/usu1969\/2021\/03\/IMG_7747.jpg\"><img decoding=\"async\" class=\"size-large wp-image-21691 alignnone\" src=\"https:\/\/agora.xtec.cat\/iecadaques\/wp-content\/uploads\/usu1969\/2021\/03\/IMG_7747.jpg\" alt=\"\" width=\"80%\" height=\"\" srcset=\"https:\/\/agora.xtec.cat\/iecadaques\/wp-content\/uploads\/usu1969\/2021\/03\/IMG_7747.jpg 828w, https:\/\/agora.xtec.cat\/iecadaques\/wp-content\/uploads\/usu1969\/2021\/03\/IMG_7747-300x195.jpg 300w, https:\/\/agora.xtec.cat\/iecadaques\/wp-content\/uploads\/usu1969\/2021\/03\/IMG_7747-768x498.jpg 768w\" sizes=\"(max-width: 828px) 100vw, 828px\" \/><\/a><\/p>\n<p><a href=\"http:\/\/ca.figueres.cat\/noticies\/figueres-lliura-els-premis-8-de-marc-maria-rosa-ymbert-contra-la-desigualtat-de-genere-22991\/\">Font (not\u00edcia original)<\/a><\/p>\n","protected":false},"excerpt":{"rendered":"<p>L\u2019alumna, Zoe Prudkin de 3r d\u2019ESO, ha estat la guanyadora del tercer guard\u00f3 en els Premis 8 de mar\u00e7 Rosa Maria Ymbert contra la desigualtat de g\u00e8nere, per a estudiants de 3r i 4t d\u2019ESO de l\u2019Alt Empord\u00e0 organitzats per l\u2019Ajuntament de Figueres. L\u2019obra que va presentar duia per t\u00edtol Moltes cares. Dilluns, dia 8 de mar\u00e7, es van lliurar els premis.&hellip;  <a href=\"https:\/\/agora.xtec.cat\/iecadaques\/general\/premis-8-de-marc-maria-rosa-ymbert\/\" title=\"Read Premis 8 de mar\u00e7 Maria Rosa Ymbert\">Llegeix m\u00e9s\u00bb<\/a><\/p>\n","protected":false},"author":1,"featured_media":21690,"comment_status":"closed","ping_status":"closed","sticky":false,"template":"","format":"standard","meta":{"_bbp_topic_count":0,"_bbp_reply_count":0,"_bbp_total_topic_count":0,"_bbp_total_reply_count":0,"_bbp_voice_count":0,"_bbp_anonymous_reply_count":0,"_bbp_topic_count_hidden":0,"_bbp_reply_count_hidden":0,"_bbp_forum_subforum_count":0,"footnotes":""},"categories":[167,1,29],"tags":[131,128,194,122,176],"class_list":["post-21689","post","type-post","status-publish","format-standard","has-post-thumbnail","hentry","category-eso","category-general","category-portada","tag-eso3","tag-art","tag-concursos","tag-convivencia","tag-social"],"post_mailing_queue_ids":[],"_links":{"self":[{"href":"https:\/\/agora.xtec.cat\/iecadaques\/wp-json\/wp\/v2\/posts\/21689","targetHints":{"allow":["GET"]}}],"collection":[{"href":"https:\/\/agora.xtec.cat\/iecadaques\/wp-json\/wp\/v2\/posts"}],"about":[{"href":"https:\/\/agora.xtec.cat\/iecadaques\/wp-json\/wp\/v2\/types\/post"}],"author":[{"embeddable":true,"href":"https:\/\/agora.xtec.cat\/iecadaques\/wp-json\/wp\/v2\/users\/1"}],"replies":[{"embeddable":true,"href":"https:\/\/agora.xtec.cat\/iecadaques\/wp-json\/wp\/v2\/comments?post=21689"}],"version-history":[{"count":3,"href":"https:\/\/agora.xtec.cat\/iecadaques\/wp-json\/wp\/v2\/posts\/21689\/revisions"}],"predecessor-version":[{"id":21709,"href":"https:\/\/agora.xtec.cat\/iecadaques\/wp-json\/wp\/v2\/posts\/21689\/revisions\/21709"}],"wp:featuredmedia":[{"embeddable":true,"href":"https:\/\/agora.xtec.cat\/iecadaques\/wp-json\/wp\/v2\/media\/21690"}],"wp:attachment":[{"href":"https:\/\/agora.xtec.cat\/iecadaques\/wp-json\/wp\/v2\/media?parent=21689"}],"wp:term":[{"taxonomy":"category","embeddable":true,"href":"https:\/\/agora.xtec.cat\/iecadaques\/wp-json\/wp\/v2\/categories?post=21689"},{"taxonomy":"post_tag","embeddable":true,"href":"https:\/\/agora.xtec.cat\/iecadaques\/wp-json\/wp\/v2\/tags?post=21689"}],"curies":[{"name":"wp","href":"https:\/\/api.w.org\/{rel}","templated":true}]}}