{"id":21656,"date":"2021-03-12T17:11:22","date_gmt":"2021-03-12T16:11:22","guid":{"rendered":"https:\/\/agora.xtec.cat\/iecadaques\/?p=21656"},"modified":"2021-03-13T17:19:01","modified_gmt":"2021-03-13T16:19:01","slug":"atencio-alumnat-nouvingut","status":"publish","type":"post","link":"https:\/\/agora.xtec.cat\/iecadaques\/general\/atencio-alumnat-nouvingut\/","title":{"rendered":"Atenci\u00f3, alumnat de nova incorporaci\u00f3!"},"content":{"rendered":"<p>Si ets fam\u00edlia de l&#8217;alumnat que iniciar\u00e0 l&#8217;escolaritzaci\u00f3 a P3 es proper curs 21-22, pots consultar la informaci\u00f3 disponible a la web del Departament d&#8217;Ensenyament (enlla\u00e7 inferior) i des nostro centre (document adjunt).<\/p>\n<h5><a href=\"https:\/\/preinscripcio.gencat.cat\/ca\/inici\/\">Preinscripci\u00f3 curs 2021-2022 \ud83d\udd17<\/a><\/h5>\n<h5>Informaci\u00f3, per a fam\u00edlies, dels requisits per a la preinscripci\u00f3 a P3<\/h5>\n<p><object style=\"width: 800px; height: 600px;\" data=\"https:\/\/docs.google.com\/gview?embedded=true&amp;url=https:\/\/agora.xtec.cat\/iecadaques\/wp-content\/uploads\/usu1969\/2021\/03\/PREINSCRIPCIO-P3.pdf\" width=\"300\" height=\"150\" data-mce-fragment=\"1\"><\/object><\/p>\n","protected":false},"excerpt":{"rendered":"<p>Si ets fam\u00edlia de l&#8217;alumnat que iniciar\u00e0 l&#8217;escolaritzaci\u00f3 a P3 es proper curs 21-22, pots consultar la informaci\u00f3 disponible a la web del Departament d&#8217;Ensenyament (enlla\u00e7 inferior) i des nostro centre (document adjunt). Clica per saber-ne m\u00e9s!&hellip;  <a href=\"https:\/\/agora.xtec.cat\/iecadaques\/general\/atencio-alumnat-nouvingut\/\" title=\"Read Atenci\u00f3, alumnat de nova incorporaci\u00f3!\">Llegeix m\u00e9s\u00bb<\/a><\/p>\n","protected":false},"author":48,"featured_media":21661,"comment_status":"closed","ping_status":"closed","sticky":false,"template":"","format":"standard","meta":{"_bbp_topic_count":0,"_bbp_reply_count":0,"_bbp_total_topic_count":0,"_bbp_total_reply_count":0,"_bbp_voice_count":0,"_bbp_anonymous_reply_count":0,"_bbp_topic_count_hidden":0,"_bbp_reply_count_hidden":0,"_bbp_forum_subforum_count":0,"footnotes":""},"categories":[1,29],"tags":[142,105,146],"class_list":["post-21656","post","type-post","status-publish","format-standard","has-post-thumbnail","hentry","category-general","category-portada","tag-avisos","tag-inicicurs","tag-matricula"],"post_mailing_queue_ids":[],"_links":{"self":[{"href":"https:\/\/agora.xtec.cat\/iecadaques\/wp-json\/wp\/v2\/posts\/21656","targetHints":{"allow":["GET"]}}],"collection":[{"href":"https:\/\/agora.xtec.cat\/iecadaques\/wp-json\/wp\/v2\/posts"}],"about":[{"href":"https:\/\/agora.xtec.cat\/iecadaques\/wp-json\/wp\/v2\/types\/post"}],"author":[{"embeddable":true,"href":"https:\/\/agora.xtec.cat\/iecadaques\/wp-json\/wp\/v2\/users\/48"}],"replies":[{"embeddable":true,"href":"https:\/\/agora.xtec.cat\/iecadaques\/wp-json\/wp\/v2\/comments?post=21656"}],"version-history":[{"count":3,"href":"https:\/\/agora.xtec.cat\/iecadaques\/wp-json\/wp\/v2\/posts\/21656\/revisions"}],"predecessor-version":[{"id":21688,"href":"https:\/\/agora.xtec.cat\/iecadaques\/wp-json\/wp\/v2\/posts\/21656\/revisions\/21688"}],"wp:featuredmedia":[{"embeddable":true,"href":"https:\/\/agora.xtec.cat\/iecadaques\/wp-json\/wp\/v2\/media\/21661"}],"wp:attachment":[{"href":"https:\/\/agora.xtec.cat\/iecadaques\/wp-json\/wp\/v2\/media?parent=21656"}],"wp:term":[{"taxonomy":"category","embeddable":true,"href":"https:\/\/agora.xtec.cat\/iecadaques\/wp-json\/wp\/v2\/categories?post=21656"},{"taxonomy":"post_tag","embeddable":true,"href":"https:\/\/agora.xtec.cat\/iecadaques\/wp-json\/wp\/v2\/tags?post=21656"}],"curies":[{"name":"wp","href":"https:\/\/api.w.org\/{rel}","templated":true}]}}