{"id":21626,"date":"2021-03-12T11:41:15","date_gmt":"2021-03-12T10:41:15","guid":{"rendered":"https:\/\/agora.xtec.cat\/iecadaques\/?p=21626"},"modified":"2021-03-12T19:05:33","modified_gmt":"2021-03-12T18:05:33","slug":"marxa-eli-esteve","status":"publish","type":"post","link":"https:\/\/agora.xtec.cat\/iecadaques\/general\/marxa-eli-esteve\/","title":{"rendered":"Torna la marxa Eli Esteve!"},"content":{"rendered":"<p>Aquest curs, a trav\u00e9s del Servei Comunitari, l&#8217;alumnat de 3r d&#8217;Eso tornem a col\u00b7laborar amb l&#8217;organitzaci\u00f3 de la Marxa Eli Esteve. Aquest \u00e9s el cartell que hem dissenyat. Qu\u00e8 us sembla? Escanejant el codi QR trobareu tota la informaci\u00f3 de l&#8217;edici\u00f3 d&#8217;enguany.<\/p>\n<p><a href=\"https:\/\/agora.xtec.cat\/iecadaques\/wp-content\/uploads\/usu1969\/2021\/03\/cartell-Eli-Esteve_page-0001-min.jpg\"><img loading=\"lazy\" decoding=\"async\" class=\"alignnone size-large wp-image-21629\" src=\"https:\/\/agora.xtec.cat\/iecadaques\/wp-content\/uploads\/usu1969\/2021\/03\/cartell-Eli-Esteve_page-0001-min-724x1024.jpg\" alt=\"\" width=\"724\" height=\"1024\" srcset=\"https:\/\/agora.xtec.cat\/iecadaques\/wp-content\/uploads\/usu1969\/2021\/03\/cartell-Eli-Esteve_page-0001-min-724x1024.jpg 724w, https:\/\/agora.xtec.cat\/iecadaques\/wp-content\/uploads\/usu1969\/2021\/03\/cartell-Eli-Esteve_page-0001-min-212x300.jpg 212w, https:\/\/agora.xtec.cat\/iecadaques\/wp-content\/uploads\/usu1969\/2021\/03\/cartell-Eli-Esteve_page-0001-min-768x1086.jpg 768w\" sizes=\"auto, (max-width: 724px) 100vw, 724px\" \/><\/a><\/p>\n","protected":false},"excerpt":{"rendered":"<p>Aquest curs, a trav\u00e9s del Servei Comunitari, l&#8217;alumnat de 3r d&#8217;Eso tornem a col\u00b7laborar amb l&#8217;organitzaci\u00f3 de la Marxa Eli Esteve. Aquest \u00e9s el cartell que hem dissenyat. Qu\u00e8 us sembla? Escanejant el codi QR trobareu tota la informaci\u00f3 de l&#8217;edici\u00f3 d&#8217;enguany.<br \/>\n<a href=\"https:\/\/agora.xtec.cat\/iecadaques\/wp-content\/uploads\/usu1969\/2021\/03\/cartell-Eli-Esteve_page-0001-min.jpg\"><\/a><\/p>\n","protected":false},"author":1,"featured_media":21629,"comment_status":"closed","ping_status":"closed","sticky":false,"template":"","format":"standard","meta":{"_bbp_topic_count":0,"_bbp_reply_count":0,"_bbp_total_topic_count":0,"_bbp_total_reply_count":0,"_bbp_voice_count":0,"_bbp_anonymous_reply_count":0,"_bbp_topic_count_hidden":0,"_bbp_reply_count_hidden":0,"_bbp_forum_subforum_count":0,"footnotes":""},"categories":[167,1,29],"tags":[131,119],"class_list":["post-21626","post","type-post","status-publish","format-standard","has-post-thumbnail","hentry","category-eso","category-general","category-portada","tag-eso3","tag-ef"],"post_mailing_queue_ids":[],"_links":{"self":[{"href":"https:\/\/agora.xtec.cat\/iecadaques\/wp-json\/wp\/v2\/posts\/21626","targetHints":{"allow":["GET"]}}],"collection":[{"href":"https:\/\/agora.xtec.cat\/iecadaques\/wp-json\/wp\/v2\/posts"}],"about":[{"href":"https:\/\/agora.xtec.cat\/iecadaques\/wp-json\/wp\/v2\/types\/post"}],"author":[{"embeddable":true,"href":"https:\/\/agora.xtec.cat\/iecadaques\/wp-json\/wp\/v2\/users\/1"}],"replies":[{"embeddable":true,"href":"https:\/\/agora.xtec.cat\/iecadaques\/wp-json\/wp\/v2\/comments?post=21626"}],"version-history":[{"count":3,"href":"https:\/\/agora.xtec.cat\/iecadaques\/wp-json\/wp\/v2\/posts\/21626\/revisions"}],"predecessor-version":[{"id":21643,"href":"https:\/\/agora.xtec.cat\/iecadaques\/wp-json\/wp\/v2\/posts\/21626\/revisions\/21643"}],"wp:featuredmedia":[{"embeddable":true,"href":"https:\/\/agora.xtec.cat\/iecadaques\/wp-json\/wp\/v2\/media\/21629"}],"wp:attachment":[{"href":"https:\/\/agora.xtec.cat\/iecadaques\/wp-json\/wp\/v2\/media?parent=21626"}],"wp:term":[{"taxonomy":"category","embeddable":true,"href":"https:\/\/agora.xtec.cat\/iecadaques\/wp-json\/wp\/v2\/categories?post=21626"},{"taxonomy":"post_tag","embeddable":true,"href":"https:\/\/agora.xtec.cat\/iecadaques\/wp-json\/wp\/v2\/tags?post=21626"}],"curies":[{"name":"wp","href":"https:\/\/api.w.org\/{rel}","templated":true}]}}