{"id":21572,"date":"2021-02-26T14:40:26","date_gmt":"2021-02-26T13:40:26","guid":{"rendered":"https:\/\/agora.xtec.cat\/iecadaques\/?p=21572"},"modified":"2021-03-02T12:50:57","modified_gmt":"2021-03-02T11:50:57","slug":"carnaval-carnaval-carnaval-testimem","status":"publish","type":"post","link":"https:\/\/agora.xtec.cat\/iecadaques\/portada\/carnaval-carnaval-carnaval-testimem\/","title":{"rendered":"Carnaval, carnaval&#8230; Carnaval, t&#8217;estimem!"},"content":{"rendered":"<p>Es nens i nenes d&#8217;educaci\u00f3 infantil hem celebrat Carnaval tamb\u00e9 amb disfresses de casa, hem posat m\u00fasica i hem pujat a ballar a un escenari improvisat a ses terrassetes d&#8217;infantil.<\/p>\n<p>Mireu que b\u00e9 que mos ho hem passat!<\/p>\n<p><iframe loading=\"lazy\" src=\"\/\/www.youtube.com\/embed\/qYEuNQUBRzg\" width=\"560\" height=\"314\"><\/iframe><\/p>\n","protected":false},"excerpt":{"rendered":"<p>Es nens i nenes d&#8217;educaci\u00f3 infantil hem celebrat Carnaval tamb\u00e9 amb disfresses de casa, hem posat m\u00fasica i hem pujat a ballar a un escenari improvisat a ses terrassetes d&#8217;infantil.<br \/>\nMireu que b\u00e9 que mos ho hem passat!<\/p>\n","protected":false},"author":48,"featured_media":21577,"comment_status":"closed","ping_status":"closed","sticky":false,"template":"","format":"standard","meta":{"_bbp_topic_count":0,"_bbp_reply_count":0,"_bbp_total_topic_count":0,"_bbp_total_reply_count":0,"_bbp_voice_count":0,"_bbp_anonymous_reply_count":0,"_bbp_topic_count_hidden":0,"_bbp_reply_count_hidden":0,"_bbp_forum_subforum_count":0,"footnotes":""},"categories":[169,29],"tags":[127,177,178,179],"class_list":["post-21572","post","type-post","status-publish","format-standard","has-post-thumbnail","hentry","category-ei","category-portada","tag-celebracions","tag-p3","tag-p4","tag-p5"],"post_mailing_queue_ids":[],"_links":{"self":[{"href":"https:\/\/agora.xtec.cat\/iecadaques\/wp-json\/wp\/v2\/posts\/21572","targetHints":{"allow":["GET"]}}],"collection":[{"href":"https:\/\/agora.xtec.cat\/iecadaques\/wp-json\/wp\/v2\/posts"}],"about":[{"href":"https:\/\/agora.xtec.cat\/iecadaques\/wp-json\/wp\/v2\/types\/post"}],"author":[{"embeddable":true,"href":"https:\/\/agora.xtec.cat\/iecadaques\/wp-json\/wp\/v2\/users\/48"}],"replies":[{"embeddable":true,"href":"https:\/\/agora.xtec.cat\/iecadaques\/wp-json\/wp\/v2\/comments?post=21572"}],"version-history":[{"count":3,"href":"https:\/\/agora.xtec.cat\/iecadaques\/wp-json\/wp\/v2\/posts\/21572\/revisions"}],"predecessor-version":[{"id":21576,"href":"https:\/\/agora.xtec.cat\/iecadaques\/wp-json\/wp\/v2\/posts\/21572\/revisions\/21576"}],"wp:featuredmedia":[{"embeddable":true,"href":"https:\/\/agora.xtec.cat\/iecadaques\/wp-json\/wp\/v2\/media\/21577"}],"wp:attachment":[{"href":"https:\/\/agora.xtec.cat\/iecadaques\/wp-json\/wp\/v2\/media?parent=21572"}],"wp:term":[{"taxonomy":"category","embeddable":true,"href":"https:\/\/agora.xtec.cat\/iecadaques\/wp-json\/wp\/v2\/categories?post=21572"},{"taxonomy":"post_tag","embeddable":true,"href":"https:\/\/agora.xtec.cat\/iecadaques\/wp-json\/wp\/v2\/tags?post=21572"}],"curies":[{"name":"wp","href":"https:\/\/api.w.org\/{rel}","templated":true}]}}