{"id":21566,"date":"2021-02-22T12:55:16","date_gmt":"2021-02-22T11:55:16","guid":{"rendered":"https:\/\/agora.xtec.cat\/iecadaques\/?p=21566"},"modified":"2021-02-22T12:56:49","modified_gmt":"2021-02-22T11:56:49","slug":"entrevista-a-blai-mallarach","status":"publish","type":"post","link":"https:\/\/agora.xtec.cat\/iecadaques\/portada\/entrevista-a-blai-mallarach\/","title":{"rendered":"Entrevista a Blai Mallarach"},"content":{"rendered":"<p>L\u2019alumnat de primer d\u2019ESO ha estat treballant l\u2019entrevista durant les \u00faltimes dues setmanes i per finalitzar aquest tema han pogut entrevistar en directe, mitjan\u00e7ant una videoconfer\u00e8ncia, en Blai Mallarach.<\/p>\n<p>En Blai \u00e9s un jugador de waterpolo professional que actualment juga al CNA Barceloneta i forma part de la selecci\u00f3 espanyola de waterpolo. Aquest pr\u00f2xim estiu anir\u00e0 a Tokio per jugar els seus tercers Jocs Ol\u00edmpics.<\/p>\n<p>Hem gaudit amb una bona classe competencial, tot entrevistant en directe a tot un professional de l\u2019esport.<\/p>\n<p><a href=\"https:\/\/agora.xtec.cat\/iecadaques\/wp-content\/uploads\/usu1969\/2021\/02\/Blai-Mallarach.jpg\"><img loading=\"lazy\" decoding=\"async\" class=\"alignnone wp-image-21567\" src=\"https:\/\/agora.xtec.cat\/iecadaques\/wp-content\/uploads\/usu1969\/2021\/02\/Blai-Mallarach.jpg\" alt=\"\" width=\"542\" height=\"306\" \/><\/a> <a href=\"https:\/\/agora.xtec.cat\/iecadaques\/wp-content\/uploads\/usu1969\/2021\/02\/tempImage1pnOIG-0000.jpg\"><img loading=\"lazy\" decoding=\"async\" class=\"alignnone size-large wp-image-21568\" src=\"https:\/\/agora.xtec.cat\/iecadaques\/wp-content\/uploads\/usu1969\/2021\/02\/tempImage1pnOIG-0000-1024x768.jpg\" alt=\"\" width=\"1024\" height=\"768\" srcset=\"https:\/\/agora.xtec.cat\/iecadaques\/wp-content\/uploads\/usu1969\/2021\/02\/tempImage1pnOIG-0000-1024x768.jpg 1024w, https:\/\/agora.xtec.cat\/iecadaques\/wp-content\/uploads\/usu1969\/2021\/02\/tempImage1pnOIG-0000-300x225.jpg 300w, https:\/\/agora.xtec.cat\/iecadaques\/wp-content\/uploads\/usu1969\/2021\/02\/tempImage1pnOIG-0000-768x576.jpg 768w, https:\/\/agora.xtec.cat\/iecadaques\/wp-content\/uploads\/usu1969\/2021\/02\/tempImage1pnOIG-0000-200x150.jpg 200w\" sizes=\"auto, (max-width: 1024px) 100vw, 1024px\" \/><\/a> <a href=\"https:\/\/agora.xtec.cat\/iecadaques\/wp-content\/uploads\/usu1969\/2021\/02\/tempImageLXpMxB-0000.jpg\"><img loading=\"lazy\" decoding=\"async\" class=\"alignnone size-large wp-image-21569\" src=\"https:\/\/agora.xtec.cat\/iecadaques\/wp-content\/uploads\/usu1969\/2021\/02\/tempImageLXpMxB-0000-1024x768.jpg\" alt=\"\" width=\"1024\" height=\"768\" srcset=\"https:\/\/agora.xtec.cat\/iecadaques\/wp-content\/uploads\/usu1969\/2021\/02\/tempImageLXpMxB-0000-1024x768.jpg 1024w, https:\/\/agora.xtec.cat\/iecadaques\/wp-content\/uploads\/usu1969\/2021\/02\/tempImageLXpMxB-0000-300x225.jpg 300w, https:\/\/agora.xtec.cat\/iecadaques\/wp-content\/uploads\/usu1969\/2021\/02\/tempImageLXpMxB-0000-768x576.jpg 768w, https:\/\/agora.xtec.cat\/iecadaques\/wp-content\/uploads\/usu1969\/2021\/02\/tempImageLXpMxB-0000-200x150.jpg 200w\" sizes=\"auto, (max-width: 1024px) 100vw, 1024px\" \/><\/a><\/p>\n<p>&nbsp;<\/p>\n","protected":false},"excerpt":{"rendered":"<p>L\u2019alumnat de primer d\u2019ESO ha estat treballant l\u2019entrevista durant les \u00faltimes dues setmanes i per finalitzar aquest tema han pogut entrevistar en directe, mitjan\u00e7ant una videoconfer\u00e8ncia, en Blai Mallarach.<br \/>\nEn Blai \u00e9s un jugador de waterpolo professional que actualment juga al CNA Barceloneta i forma part&hellip;  <a href=\"https:\/\/agora.xtec.cat\/iecadaques\/portada\/entrevista-a-blai-mallarach\/\" title=\"Read Entrevista a Blai Mallarach\">Llegeix m\u00e9s\u00bb<\/a><\/p>\n","protected":false},"author":1,"featured_media":21569,"comment_status":"closed","ping_status":"closed","sticky":false,"template":"","format":"standard","meta":{"_bbp_topic_count":0,"_bbp_reply_count":0,"_bbp_total_topic_count":0,"_bbp_total_reply_count":0,"_bbp_voice_count":0,"_bbp_anonymous_reply_count":0,"_bbp_topic_count_hidden":0,"_bbp_reply_count_hidden":0,"_bbp_forum_subforum_count":0,"footnotes":""},"categories":[167,29],"tags":[121,170],"class_list":["post-21566","post","type-post","status-publish","format-standard","has-post-thumbnail","hentry","category-eso","category-portada","tag-eso1","tag-llengues"],"post_mailing_queue_ids":[],"_links":{"self":[{"href":"https:\/\/agora.xtec.cat\/iecadaques\/wp-json\/wp\/v2\/posts\/21566","targetHints":{"allow":["GET"]}}],"collection":[{"href":"https:\/\/agora.xtec.cat\/iecadaques\/wp-json\/wp\/v2\/posts"}],"about":[{"href":"https:\/\/agora.xtec.cat\/iecadaques\/wp-json\/wp\/v2\/types\/post"}],"author":[{"embeddable":true,"href":"https:\/\/agora.xtec.cat\/iecadaques\/wp-json\/wp\/v2\/users\/1"}],"replies":[{"embeddable":true,"href":"https:\/\/agora.xtec.cat\/iecadaques\/wp-json\/wp\/v2\/comments?post=21566"}],"version-history":[{"count":1,"href":"https:\/\/agora.xtec.cat\/iecadaques\/wp-json\/wp\/v2\/posts\/21566\/revisions"}],"predecessor-version":[{"id":21571,"href":"https:\/\/agora.xtec.cat\/iecadaques\/wp-json\/wp\/v2\/posts\/21566\/revisions\/21571"}],"wp:featuredmedia":[{"embeddable":true,"href":"https:\/\/agora.xtec.cat\/iecadaques\/wp-json\/wp\/v2\/media\/21569"}],"wp:attachment":[{"href":"https:\/\/agora.xtec.cat\/iecadaques\/wp-json\/wp\/v2\/media?parent=21566"}],"wp:term":[{"taxonomy":"category","embeddable":true,"href":"https:\/\/agora.xtec.cat\/iecadaques\/wp-json\/wp\/v2\/categories?post=21566"},{"taxonomy":"post_tag","embeddable":true,"href":"https:\/\/agora.xtec.cat\/iecadaques\/wp-json\/wp\/v2\/tags?post=21566"}],"curies":[{"name":"wp","href":"https:\/\/api.w.org\/{rel}","templated":true}]}}