{"id":21494,"date":"2021-02-16T12:43:34","date_gmt":"2021-02-16T11:43:34","guid":{"rendered":"https:\/\/agora.xtec.cat\/iecadaques\/?p=21494"},"modified":"2021-02-16T12:43:34","modified_gmt":"2021-02-16T11:43:34","slug":"presentation-un-week-end-a-cadaques","status":"publish","type":"post","link":"https:\/\/agora.xtec.cat\/iecadaques\/general\/presentation-un-week-end-a-cadaques\/","title":{"rendered":"Pr\u00e9sentation un week-end \u00e0 Cadaqu\u00e9s"},"content":{"rendered":"<p>Tous les \u00e9l\u00e8ves de 4\u00e8me d\u2019ESO habitent \u00e0 Cadaqu\u00e9s et aiment leur village. Pendant les cours de fran\u00e7ais, nous avons pr\u00e9par\u00e9 un power-point pour le faire d\u00e9couvrir aux nouveaux visiteurs. Dans notre pr\u00e9sentation, nous parlons de son paysage, ses monuments, ses f\u00eates et traditions, ses activit\u00e9s sportives et sa gastronomie. C\u2019est l\u2019occasion d\u2019une visite virtuelle. Vous pouvez m\u00eame \u00e9couter l\u2019enregistrement audio sur le paysage.\u00a0 Bienvenus \u00e0 Cadaqu\u00e9s.<\/p>\n<p><a href=\"https:\/\/agora.xtec.cat\/iecadaques\/wp-content\/uploads\/usu1969\/2021\/02\/Franc\u00e8s.jpg\"><img loading=\"lazy\" decoding=\"async\" class=\"alignnone size-full wp-image-21495\" src=\"https:\/\/agora.xtec.cat\/iecadaques\/wp-content\/uploads\/usu1969\/2021\/02\/Franc\u00e8s.jpg\" alt=\"\" width=\"975\" height=\"555\" srcset=\"https:\/\/agora.xtec.cat\/iecadaques\/wp-content\/uploads\/usu1969\/2021\/02\/Franc\u00e8s.jpg 975w, https:\/\/agora.xtec.cat\/iecadaques\/wp-content\/uploads\/usu1969\/2021\/02\/Franc\u00e8s-300x171.jpg 300w, https:\/\/agora.xtec.cat\/iecadaques\/wp-content\/uploads\/usu1969\/2021\/02\/Franc\u00e8s-768x437.jpg 768w\" sizes=\"auto, (max-width: 975px) 100vw, 975px\" \/><\/a><\/p>\n<p><a href=\"https:\/\/agora.xtec.cat\/iecadaques\/wp-content\/uploads\/usu1969\/2021\/02\/Un-week-end-\u00e0-Cadaqu\u00e9s-Aya-Carla-Ruben-.pptx\">Un week-end \u00e0 Cadaqu\u00e9s Aya Carla Ruben<\/a><\/p>\n<p>&nbsp;<\/p>\n","protected":false},"excerpt":{"rendered":"<p>Tous les \u00e9l\u00e8ves de 4\u00e8me d\u2019ESO habitent \u00e0 Cadaqu\u00e9s et aiment leur village. Pendant les cours de fran\u00e7ais, nous avons pr\u00e9par\u00e9 un power-point pour le faire d\u00e9couvrir aux nouveaux visiteurs. Dans notre pr\u00e9sentation, nous parlons de son paysage, ses monuments, ses f\u00eates et traditions, ses&hellip;  <a href=\"https:\/\/agora.xtec.cat\/iecadaques\/general\/presentation-un-week-end-a-cadaques\/\" title=\"Read Pr\u00e9sentation un week-end \u00e0 Cadaqu\u00e9s\">Llegeix m\u00e9s\u00bb<\/a><\/p>\n","protected":false},"author":1,"featured_media":21495,"comment_status":"closed","ping_status":"closed","sticky":false,"template":"","format":"standard","meta":{"_bbp_topic_count":0,"_bbp_reply_count":0,"_bbp_total_topic_count":0,"_bbp_total_reply_count":0,"_bbp_voice_count":0,"_bbp_anonymous_reply_count":0,"_bbp_topic_count_hidden":0,"_bbp_reply_count_hidden":0,"_bbp_forum_subforum_count":0,"footnotes":""},"categories":[167,1,29],"tags":[129,170],"class_list":["post-21494","post","type-post","status-publish","format-standard","has-post-thumbnail","hentry","category-eso","category-general","category-portada","tag-eso4","tag-llengues"],"post_mailing_queue_ids":[],"_links":{"self":[{"href":"https:\/\/agora.xtec.cat\/iecadaques\/wp-json\/wp\/v2\/posts\/21494","targetHints":{"allow":["GET"]}}],"collection":[{"href":"https:\/\/agora.xtec.cat\/iecadaques\/wp-json\/wp\/v2\/posts"}],"about":[{"href":"https:\/\/agora.xtec.cat\/iecadaques\/wp-json\/wp\/v2\/types\/post"}],"author":[{"embeddable":true,"href":"https:\/\/agora.xtec.cat\/iecadaques\/wp-json\/wp\/v2\/users\/1"}],"replies":[{"embeddable":true,"href":"https:\/\/agora.xtec.cat\/iecadaques\/wp-json\/wp\/v2\/comments?post=21494"}],"version-history":[{"count":1,"href":"https:\/\/agora.xtec.cat\/iecadaques\/wp-json\/wp\/v2\/posts\/21494\/revisions"}],"predecessor-version":[{"id":21497,"href":"https:\/\/agora.xtec.cat\/iecadaques\/wp-json\/wp\/v2\/posts\/21494\/revisions\/21497"}],"wp:featuredmedia":[{"embeddable":true,"href":"https:\/\/agora.xtec.cat\/iecadaques\/wp-json\/wp\/v2\/media\/21495"}],"wp:attachment":[{"href":"https:\/\/agora.xtec.cat\/iecadaques\/wp-json\/wp\/v2\/media?parent=21494"}],"wp:term":[{"taxonomy":"category","embeddable":true,"href":"https:\/\/agora.xtec.cat\/iecadaques\/wp-json\/wp\/v2\/categories?post=21494"},{"taxonomy":"post_tag","embeddable":true,"href":"https:\/\/agora.xtec.cat\/iecadaques\/wp-json\/wp\/v2\/tags?post=21494"}],"curies":[{"name":"wp","href":"https:\/\/api.w.org\/{rel}","templated":true}]}}