{"id":21360,"date":"2021-02-12T00:44:56","date_gmt":"2021-02-11T23:44:56","guid":{"rendered":"https:\/\/agora.xtec.cat\/iecadaques\/?p=21360"},"modified":"2021-02-13T10:17:19","modified_gmt":"2021-02-13T09:17:19","slug":"entre-sirenes-i-pirates","status":"publish","type":"post","link":"https:\/\/agora.xtec.cat\/iecadaques\/portada\/entre-sirenes-i-pirates\/","title":{"rendered":"Entre sirenes i pirates"},"content":{"rendered":"<p><span style=\"font-weight: 400;\">Es trimestre passat, es nens i nenes de cicle inicial vam fer una petita caminada fins sa platja des Caials. Un cop all\u00e0, ses educadores ambientals des Parc Natural mos van explicar qu\u00e8 \u00e9s el Cap de Creus i quin \u00e9s l\u2019origen d\u2019aquest nom. A trav\u00e9s d\u2019una din\u00e0mica, mos van ajudar a descobrir que vivim en un entorn protegit i que hi ha normes que hem de respectar per contribuir a preservar sa seu riquesa i singularitat ambiental.<\/span><\/p>\n<p><a href=\"https:\/\/agora.xtec.cat\/iecadaques\/wp-content\/uploads\/usu1969\/2021\/02\/1613083227156.jpg\"><img loading=\"lazy\" decoding=\"async\" class=\"alignleft wp-image-21366\" src=\"https:\/\/agora.xtec.cat\/iecadaques\/wp-content\/uploads\/usu1969\/2021\/02\/1613083227156-300x225.jpg\" alt=\"\" width=\"450\" height=\"338\" srcset=\"https:\/\/agora.xtec.cat\/iecadaques\/wp-content\/uploads\/usu1969\/2021\/02\/1613083227156-300x225.jpg 300w, https:\/\/agora.xtec.cat\/iecadaques\/wp-content\/uploads\/usu1969\/2021\/02\/1613083227156-768x576.jpg 768w, https:\/\/agora.xtec.cat\/iecadaques\/wp-content\/uploads\/usu1969\/2021\/02\/1613083227156-1024x768.jpg 1024w, https:\/\/agora.xtec.cat\/iecadaques\/wp-content\/uploads\/usu1969\/2021\/02\/1613083227156-200x150.jpg 200w, https:\/\/agora.xtec.cat\/iecadaques\/wp-content\/uploads\/usu1969\/2021\/02\/1613083227156.jpg 1600w\" sizes=\"auto, (max-width: 450px) 100vw, 450px\" \/><\/a><a href=\"https:\/\/agora.xtec.cat\/iecadaques\/wp-content\/uploads\/usu1969\/2021\/02\/1613083197362.jpg\"><img loading=\"lazy\" decoding=\"async\" class=\"alignleft wp-image-21362\" src=\"https:\/\/agora.xtec.cat\/iecadaques\/wp-content\/uploads\/usu1969\/2021\/02\/1613083197362-300x169.jpg\" alt=\"\" width=\"450\" height=\"253\" srcset=\"https:\/\/agora.xtec.cat\/iecadaques\/wp-content\/uploads\/usu1969\/2021\/02\/1613083197362-300x169.jpg 300w, https:\/\/agora.xtec.cat\/iecadaques\/wp-content\/uploads\/usu1969\/2021\/02\/1613083197362-768x432.jpg 768w, https:\/\/agora.xtec.cat\/iecadaques\/wp-content\/uploads\/usu1969\/2021\/02\/1613083197362-1024x576.jpg 1024w, https:\/\/agora.xtec.cat\/iecadaques\/wp-content\/uploads\/usu1969\/2021\/02\/1613083197362.jpg 1600w\" sizes=\"auto, (max-width: 450px) 100vw, 450px\" \/><\/a><\/p>\n<p>&nbsp;<\/p>\n<p>&nbsp;<\/p>\n<p>&nbsp;<\/p>\n<p>&nbsp;<\/p>\n<p>&nbsp;<\/p>\n<p>&nbsp;<\/p>\n<p>&nbsp;<\/p>\n<p>&nbsp;<\/p>\n<p><span style=\"font-weight: 400;\">Vam estar explorant la platja i vam descobrir que hi havia un munt d\u2019elements artificials de tot tipus escampats entre les pedres. Ses educadores mos van demanar que ens atur\u00e9ssim quan en trob\u00e9ssim un i vam recollir-ne alguns per a analitzar-los, classificar-los, reflexionar al voltant del seu origen i contribuir a netejar sa platja. N\u2019hi havia tants que vam omplir tot una safata. Ix!<\/span><\/p>\n<p><a href=\"https:\/\/agora.xtec.cat\/iecadaques\/wp-content\/uploads\/usu1969\/2021\/02\/1613082751523.jpg\"><img loading=\"lazy\" decoding=\"async\" class=\"aligncenter wp-image-21380\" src=\"https:\/\/agora.xtec.cat\/iecadaques\/wp-content\/uploads\/usu1969\/2021\/02\/1613082751523-300x224.jpg\" alt=\"\" width=\"450\" height=\"337\" srcset=\"https:\/\/agora.xtec.cat\/iecadaques\/wp-content\/uploads\/usu1969\/2021\/02\/1613082751523-300x224.jpg 300w, https:\/\/agora.xtec.cat\/iecadaques\/wp-content\/uploads\/usu1969\/2021\/02\/1613082751523-768x575.jpg 768w, https:\/\/agora.xtec.cat\/iecadaques\/wp-content\/uploads\/usu1969\/2021\/02\/1613082751523-1024x766.jpg 1024w, https:\/\/agora.xtec.cat\/iecadaques\/wp-content\/uploads\/usu1969\/2021\/02\/1613082751523-200x150.jpg 200w\" sizes=\"auto, (max-width: 450px) 100vw, 450px\" \/><\/a><\/p>\n<p><span style=\"font-weight: 400;\">Sabeu qu\u00e8 va ser el m\u00e9s sorprenent? Quan \u00e9rem a mig fer, vam trobar la carta d\u2019UNS PIRATES! Contenia un missatge una mica llarg, per\u00f2 entre tots vam poder desxifrar-lo. <\/span><span style=\"font-family: inherit; font-size: 1em;\">En aquesta carta es pirates mos demanaven que els ajud\u00e9ssim a trobar ulls de sirena. Ho heu provat mai? No \u00e9s gens f\u00e0cil. Cal fixar-s\u2019hi molt i molt b\u00e9 i aix\u00f2 fa que aconseguir-ho resulti superemocionant!<\/span><\/p>\n<p><a href=\"https:\/\/agora.xtec.cat\/iecadaques\/wp-content\/uploads\/usu1969\/2021\/02\/1613083197410.jpg\"><img loading=\"lazy\" decoding=\"async\" class=\"alignleft wp-image-21365\" src=\"https:\/\/agora.xtec.cat\/iecadaques\/wp-content\/uploads\/usu1969\/2021\/02\/1613083197410-300x169.jpg\" alt=\"\" width=\"350\" height=\"197\" srcset=\"https:\/\/agora.xtec.cat\/iecadaques\/wp-content\/uploads\/usu1969\/2021\/02\/1613083197410-300x169.jpg 300w, https:\/\/agora.xtec.cat\/iecadaques\/wp-content\/uploads\/usu1969\/2021\/02\/1613083197410-768x432.jpg 768w, https:\/\/agora.xtec.cat\/iecadaques\/wp-content\/uploads\/usu1969\/2021\/02\/1613083197410-1024x576.jpg 1024w, https:\/\/agora.xtec.cat\/iecadaques\/wp-content\/uploads\/usu1969\/2021\/02\/1613083197410.jpg 1600w\" sizes=\"auto, (max-width: 350px) 100vw, 350px\" \/><\/a><\/p>\n<p><a href=\"https:\/\/agora.xtec.cat\/iecadaques\/wp-content\/uploads\/usu1969\/2021\/02\/1613083227194.jpg\"><img loading=\"lazy\" decoding=\"async\" class=\"alignleft wp-image-21371\" src=\"https:\/\/agora.xtec.cat\/iecadaques\/wp-content\/uploads\/usu1969\/2021\/02\/1613083227194-225x300.jpg\" alt=\"\" width=\"225\" height=\"300\" srcset=\"https:\/\/agora.xtec.cat\/iecadaques\/wp-content\/uploads\/usu1969\/2021\/02\/1613083227194-225x300.jpg 225w, https:\/\/agora.xtec.cat\/iecadaques\/wp-content\/uploads\/usu1969\/2021\/02\/1613083227194-768x1024.jpg 768w, https:\/\/agora.xtec.cat\/iecadaques\/wp-content\/uploads\/usu1969\/2021\/02\/1613083227194.jpg 1200w\" sizes=\"auto, (max-width: 225px) 100vw, 225px\" \/><\/a><\/p>\n<p><a href=\"https:\/\/agora.xtec.cat\/iecadaques\/wp-content\/uploads\/usu1969\/2021\/02\/1613082751530.jpg\"><img loading=\"lazy\" decoding=\"async\" class=\"alignnone wp-image-21375\" src=\"https:\/\/agora.xtec.cat\/iecadaques\/wp-content\/uploads\/usu1969\/2021\/02\/1613082751530-300x224.jpg\" alt=\"\" width=\"350\" height=\"262\" srcset=\"https:\/\/agora.xtec.cat\/iecadaques\/wp-content\/uploads\/usu1969\/2021\/02\/1613082751530-300x224.jpg 300w, https:\/\/agora.xtec.cat\/iecadaques\/wp-content\/uploads\/usu1969\/2021\/02\/1613082751530-768x575.jpg 768w, https:\/\/agora.xtec.cat\/iecadaques\/wp-content\/uploads\/usu1969\/2021\/02\/1613082751530-1024x766.jpg 1024w, https:\/\/agora.xtec.cat\/iecadaques\/wp-content\/uploads\/usu1969\/2021\/02\/1613082751530-200x150.jpg 200w\" sizes=\"auto, (max-width: 350px) 100vw, 350px\" \/><\/a><\/p>\n<p>&nbsp;<\/p>\n<p><span style=\"font-weight: 400;\">Mentre explor\u00e0vem, tamb\u00e9 vam anar recollint altres restes d\u2019elements naturals que vam anar trobant a la vora de sa platja. M\u00e9s tard vam analitzar-los i vam poder posar-los nom amb l\u2019ajuda d\u2019una guia.<\/span><\/p>\n<p><a href=\"https:\/\/agora.xtec.cat\/iecadaques\/wp-content\/uploads\/usu1969\/2021\/02\/1613082751517.jpg\"><img loading=\"lazy\" decoding=\"async\" class=\"alignleft wp-image-21374\" src=\"https:\/\/agora.xtec.cat\/iecadaques\/wp-content\/uploads\/usu1969\/2021\/02\/1613082751517-300x224.jpg\" alt=\"\" width=\"350\" height=\"262\" srcset=\"https:\/\/agora.xtec.cat\/iecadaques\/wp-content\/uploads\/usu1969\/2021\/02\/1613082751517-300x224.jpg 300w, https:\/\/agora.xtec.cat\/iecadaques\/wp-content\/uploads\/usu1969\/2021\/02\/1613082751517-768x575.jpg 768w, https:\/\/agora.xtec.cat\/iecadaques\/wp-content\/uploads\/usu1969\/2021\/02\/1613082751517-1024x766.jpg 1024w, https:\/\/agora.xtec.cat\/iecadaques\/wp-content\/uploads\/usu1969\/2021\/02\/1613082751517-200x150.jpg 200w\" sizes=\"auto, (max-width: 350px) 100vw, 350px\" \/><\/a> <a href=\"https:\/\/agora.xtec.cat\/iecadaques\/wp-content\/uploads\/usu1969\/2021\/02\/1613083227182.jpg\"><img loading=\"lazy\" decoding=\"async\" class=\"alignleft wp-image-21369\" src=\"https:\/\/agora.xtec.cat\/iecadaques\/wp-content\/uploads\/usu1969\/2021\/02\/1613083227182-225x300.jpg\" alt=\"\" width=\"225\" height=\"300\" srcset=\"https:\/\/agora.xtec.cat\/iecadaques\/wp-content\/uploads\/usu1969\/2021\/02\/1613083227182-225x300.jpg 225w, https:\/\/agora.xtec.cat\/iecadaques\/wp-content\/uploads\/usu1969\/2021\/02\/1613083227182-768x1024.jpg 768w, https:\/\/agora.xtec.cat\/iecadaques\/wp-content\/uploads\/usu1969\/2021\/02\/1613083227182.jpg 1200w\" sizes=\"auto, (max-width: 225px) 100vw, 225px\" \/><\/a><a href=\"https:\/\/agora.xtec.cat\/iecadaques\/wp-content\/uploads\/usu1969\/2021\/02\/1613082751510.jpg\"><img loading=\"lazy\" decoding=\"async\" class=\"alignnone wp-image-21379\" src=\"https:\/\/agora.xtec.cat\/iecadaques\/wp-content\/uploads\/usu1969\/2021\/02\/1613082751510-300x224.jpg\" alt=\"\" width=\"350\" height=\"262\" srcset=\"https:\/\/agora.xtec.cat\/iecadaques\/wp-content\/uploads\/usu1969\/2021\/02\/1613082751510-300x224.jpg 300w, https:\/\/agora.xtec.cat\/iecadaques\/wp-content\/uploads\/usu1969\/2021\/02\/1613082751510-768x575.jpg 768w, https:\/\/agora.xtec.cat\/iecadaques\/wp-content\/uploads\/usu1969\/2021\/02\/1613082751510-1024x766.jpg 1024w, https:\/\/agora.xtec.cat\/iecadaques\/wp-content\/uploads\/usu1969\/2021\/02\/1613082751510-200x150.jpg 200w\" sizes=\"auto, (max-width: 350px) 100vw, 350px\" \/><\/a><a style=\"font-family: inherit; font-size: 1em;\" href=\"https:\/\/agora.xtec.cat\/iecadaques\/wp-content\/uploads\/usu1969\/2021\/02\/1613083197401.jpg\">\u00a0<\/a><a style=\"font-family: inherit; font-size: 1em;\" href=\"https:\/\/agora.xtec.cat\/iecadaques\/wp-content\/uploads\/usu1969\/2021\/02\/1613082751510.jpg\">\u00a0<\/a><\/p>\n<p>&nbsp;<\/p>\n<p><a href=\"https:\/\/agora.xtec.cat\/iecadaques\/wp-content\/uploads\/usu1969\/2021\/02\/1613083197401.jpg\"><img loading=\"lazy\" decoding=\"async\" class=\"alignleft wp-image-21364\" src=\"https:\/\/agora.xtec.cat\/iecadaques\/wp-content\/uploads\/usu1969\/2021\/02\/1613083197401-300x169.jpg\" alt=\"\" width=\"450\" height=\"253\" srcset=\"https:\/\/agora.xtec.cat\/iecadaques\/wp-content\/uploads\/usu1969\/2021\/02\/1613083197401-300x169.jpg 300w, https:\/\/agora.xtec.cat\/iecadaques\/wp-content\/uploads\/usu1969\/2021\/02\/1613083197401-768x432.jpg 768w, https:\/\/agora.xtec.cat\/iecadaques\/wp-content\/uploads\/usu1969\/2021\/02\/1613083197401-1024x576.jpg 1024w, https:\/\/agora.xtec.cat\/iecadaques\/wp-content\/uploads\/usu1969\/2021\/02\/1613083197401.jpg 1600w\" sizes=\"auto, (max-width: 450px) 100vw, 450px\" \/><\/a><\/p>\n<p><a style=\"font-family: inherit; font-size: 1em;\" href=\"https:\/\/agora.xtec.cat\/iecadaques\/wp-content\/uploads\/usu1969\/2021\/02\/1613083055176-2.jpg\"><img loading=\"lazy\" decoding=\"async\" class=\"alignnone wp-image-21386\" src=\"https:\/\/agora.xtec.cat\/iecadaques\/wp-content\/uploads\/usu1969\/2021\/02\/1613083055176-2-300x224.jpg\" alt=\"\" width=\"400\" height=\"299\" srcset=\"https:\/\/agora.xtec.cat\/iecadaques\/wp-content\/uploads\/usu1969\/2021\/02\/1613083055176-2-300x224.jpg 300w, https:\/\/agora.xtec.cat\/iecadaques\/wp-content\/uploads\/usu1969\/2021\/02\/1613083055176-2-768x575.jpg 768w, https:\/\/agora.xtec.cat\/iecadaques\/wp-content\/uploads\/usu1969\/2021\/02\/1613083055176-2-1024x766.jpg 1024w, https:\/\/agora.xtec.cat\/iecadaques\/wp-content\/uploads\/usu1969\/2021\/02\/1613083055176-2-200x150.jpg 200w\" sizes=\"auto, (max-width: 400px) 100vw, 400px\" \/><\/a><\/p>\n<p><span style=\"font-weight: 400;\">Distribu\u00efts per parelles, vam poder observar el fons mar\u00ed, des del moll i ses roques, gr\u00e0cies a uns visors. I no us ho creureu&#8230; all\u00e0 tamb\u00e9 vam trobar-hi deixalles!<\/span><\/p>\n<p><a style=\"font-family: inherit; font-size: 1em;\" href=\"https:\/\/agora.xtec.cat\/iecadaques\/wp-content\/uploads\/usu1969\/2021\/02\/1613082751496.jpg\"><img loading=\"lazy\" decoding=\"async\" class=\"alignleft wp-image-21378\" src=\"https:\/\/agora.xtec.cat\/iecadaques\/wp-content\/uploads\/usu1969\/2021\/02\/1613082751496-300x224.jpg\" alt=\"\" width=\"450\" height=\"337\" srcset=\"https:\/\/agora.xtec.cat\/iecadaques\/wp-content\/uploads\/usu1969\/2021\/02\/1613082751496-300x224.jpg 300w, https:\/\/agora.xtec.cat\/iecadaques\/wp-content\/uploads\/usu1969\/2021\/02\/1613082751496-768x575.jpg 768w, https:\/\/agora.xtec.cat\/iecadaques\/wp-content\/uploads\/usu1969\/2021\/02\/1613082751496-1024x766.jpg 1024w, https:\/\/agora.xtec.cat\/iecadaques\/wp-content\/uploads\/usu1969\/2021\/02\/1613082751496-200x150.jpg 200w\" sizes=\"auto, (max-width: 450px) 100vw, 450px\" \/><\/a><a href=\"https:\/\/agora.xtec.cat\/iecadaques\/wp-content\/uploads\/usu1969\/2021\/02\/1613082751503.jpg\"><img loading=\"lazy\" decoding=\"async\" class=\"alignleft wp-image-21373\" src=\"https:\/\/agora.xtec.cat\/iecadaques\/wp-content\/uploads\/usu1969\/2021\/02\/1613082751503-300x224.jpg\" alt=\"\" width=\"450\" height=\"337\" srcset=\"https:\/\/agora.xtec.cat\/iecadaques\/wp-content\/uploads\/usu1969\/2021\/02\/1613082751503-300x224.jpg 300w, https:\/\/agora.xtec.cat\/iecadaques\/wp-content\/uploads\/usu1969\/2021\/02\/1613082751503-768x575.jpg 768w, https:\/\/agora.xtec.cat\/iecadaques\/wp-content\/uploads\/usu1969\/2021\/02\/1613082751503-1024x766.jpg 1024w, https:\/\/agora.xtec.cat\/iecadaques\/wp-content\/uploads\/usu1969\/2021\/02\/1613082751503-200x150.jpg 200w\" sizes=\"auto, (max-width: 450px) 100vw, 450px\" \/><\/a><\/p>\n<p>&nbsp;<\/p>\n<p>&nbsp;<\/p>\n<p>&nbsp;<\/p>\n<p>&nbsp;<\/p>\n<p>&nbsp;<\/p>\n<p>&nbsp;<\/p>\n<p>&nbsp;<\/p>\n<p>&nbsp;<\/p>\n<p><a href=\"https:\/\/agora.xtec.cat\/iecadaques\/wp-content\/uploads\/usu1969\/2021\/02\/1613083197378.jpg\"><img loading=\"lazy\" decoding=\"async\" class=\"alignleft wp-image-21363\" src=\"https:\/\/agora.xtec.cat\/iecadaques\/wp-content\/uploads\/usu1969\/2021\/02\/1613083197378-300x169.jpg\" alt=\"\" width=\"450\" height=\"253\" srcset=\"https:\/\/agora.xtec.cat\/iecadaques\/wp-content\/uploads\/usu1969\/2021\/02\/1613083197378-300x169.jpg 300w, https:\/\/agora.xtec.cat\/iecadaques\/wp-content\/uploads\/usu1969\/2021\/02\/1613083197378-768x432.jpg 768w, https:\/\/agora.xtec.cat\/iecadaques\/wp-content\/uploads\/usu1969\/2021\/02\/1613083197378-1024x576.jpg 1024w, https:\/\/agora.xtec.cat\/iecadaques\/wp-content\/uploads\/usu1969\/2021\/02\/1613083197378.jpg 1600w\" sizes=\"auto, (max-width: 450px) 100vw, 450px\" \/><\/a><\/p>\n<p><a href=\"https:\/\/agora.xtec.cat\/iecadaques\/wp-content\/uploads\/usu1969\/2021\/02\/1613083227163.jpg\"><img loading=\"lazy\" decoding=\"async\" class=\"alignleft wp-image-21367 size-medium\" src=\"https:\/\/agora.xtec.cat\/iecadaques\/wp-content\/uploads\/usu1969\/2021\/02\/1613083227163-225x300.jpg\" alt=\"\" width=\"225\" height=\"300\" srcset=\"https:\/\/agora.xtec.cat\/iecadaques\/wp-content\/uploads\/usu1969\/2021\/02\/1613083227163-225x300.jpg 225w, https:\/\/agora.xtec.cat\/iecadaques\/wp-content\/uploads\/usu1969\/2021\/02\/1613083227163-768x1024.jpg 768w, https:\/\/agora.xtec.cat\/iecadaques\/wp-content\/uploads\/usu1969\/2021\/02\/1613083227163.jpg 1200w\" sizes=\"auto, (max-width: 225px) 100vw, 225px\" \/><\/a><a href=\"https:\/\/agora.xtec.cat\/iecadaques\/wp-content\/uploads\/usu1969\/2021\/02\/1613083227169.jpg\"><img loading=\"lazy\" decoding=\"async\" class=\"alignleft wp-image-21368 size-medium\" src=\"https:\/\/agora.xtec.cat\/iecadaques\/wp-content\/uploads\/usu1969\/2021\/02\/1613083227169-225x300.jpg\" alt=\"\" width=\"225\" height=\"300\" srcset=\"https:\/\/agora.xtec.cat\/iecadaques\/wp-content\/uploads\/usu1969\/2021\/02\/1613083227169-225x300.jpg 225w, https:\/\/agora.xtec.cat\/iecadaques\/wp-content\/uploads\/usu1969\/2021\/02\/1613083227169-768x1024.jpg 768w, https:\/\/agora.xtec.cat\/iecadaques\/wp-content\/uploads\/usu1969\/2021\/02\/1613083227169.jpg 1200w\" sizes=\"auto, (max-width: 225px) 100vw, 225px\" \/><\/a><\/p>\n<p>&nbsp;<\/p>\n<p>&nbsp;<\/p>\n<p>&nbsp;<\/p>\n<p>&nbsp;<\/p>\n<p>&nbsp;<\/p>\n<p>&nbsp;<\/p>\n<p>&nbsp;<\/p>\n<p><span style=\"font-weight: 400;\">Ben dinat, vam disposar d\u2019una estona per poder jugar i seguir explorant pes nostro compte i vam comprovar que relament vivim en un entorn molt especial. Per a<\/span><span style=\"font-weight: 400;\">cabar, vam realitzar una petita manualitat, amb elements naturals, que ens ajudar\u00e0 a recordar el missatge del mar: entre tots l\u2019hem de preservar.<\/span><\/p>\n<p><a href=\"https:\/\/agora.xtec.cat\/iecadaques\/wp-content\/uploads\/usu1969\/2021\/02\/1613082751483.jpg\"><img loading=\"lazy\" decoding=\"async\" class=\"alignnone wp-image-21372\" src=\"https:\/\/agora.xtec.cat\/iecadaques\/wp-content\/uploads\/usu1969\/2021\/02\/1613082751483-300x224.jpg\" alt=\"\" width=\"400\" height=\"299\" srcset=\"https:\/\/agora.xtec.cat\/iecadaques\/wp-content\/uploads\/usu1969\/2021\/02\/1613082751483-300x224.jpg 300w, https:\/\/agora.xtec.cat\/iecadaques\/wp-content\/uploads\/usu1969\/2021\/02\/1613082751483-768x575.jpg 768w, https:\/\/agora.xtec.cat\/iecadaques\/wp-content\/uploads\/usu1969\/2021\/02\/1613082751483-1024x766.jpg 1024w, https:\/\/agora.xtec.cat\/iecadaques\/wp-content\/uploads\/usu1969\/2021\/02\/1613082751483-200x150.jpg 200w\" sizes=\"auto, (max-width: 400px) 100vw, 400px\" \/><\/a><a href=\"https:\/\/agora.xtec.cat\/iecadaques\/wp-content\/uploads\/usu1969\/2021\/02\/1613083227188.jpg\"><img loading=\"lazy\" decoding=\"async\" class=\"alignleft wp-image-21370\" src=\"https:\/\/agora.xtec.cat\/iecadaques\/wp-content\/uploads\/usu1969\/2021\/02\/1613083227188-300x225.jpg\" alt=\"\" width=\"400\" height=\"300\" srcset=\"https:\/\/agora.xtec.cat\/iecadaques\/wp-content\/uploads\/usu1969\/2021\/02\/1613083227188-300x225.jpg 300w, https:\/\/agora.xtec.cat\/iecadaques\/wp-content\/uploads\/usu1969\/2021\/02\/1613083227188-768x576.jpg 768w, https:\/\/agora.xtec.cat\/iecadaques\/wp-content\/uploads\/usu1969\/2021\/02\/1613083227188-1024x768.jpg 1024w, https:\/\/agora.xtec.cat\/iecadaques\/wp-content\/uploads\/usu1969\/2021\/02\/1613083227188-200x150.jpg 200w, https:\/\/agora.xtec.cat\/iecadaques\/wp-content\/uploads\/usu1969\/2021\/02\/1613083227188.jpg 1600w\" sizes=\"auto, (max-width: 400px) 100vw, 400px\" \/><\/a><\/p>\n<p><span style=\"font-weight: 400;\">Estem una mica preocupats perqu\u00e8 no mos va agradar trobar tantes deixalles a la vora del mar. A l\u2019aula vam llegir un conte que explicava la hist\u00f2ria d\u2019una balena que no acabava d\u2019entendre qu\u00e8 estava passant al seu voltant, per\u00f2 cada cop se sentia m\u00e9s inc\u00f2moda perqu\u00e8 es trobava m\u00e9s i m\u00e9s envoltada d\u2019objectes estranys, que l\u2019agobiaven i no la deixaven bellugar-se i respirar com abans.<\/span><\/p>\n<p><a href=\"https:\/\/agora.xtec.cat\/iecadaques\/wp-content\/uploads\/usu1969\/2021\/02\/1613088252713-01-1-1.jpeg\"><img loading=\"lazy\" decoding=\"async\" class=\"aligncenter wp-image-21403\" src=\"https:\/\/agora.xtec.cat\/iecadaques\/wp-content\/uploads\/usu1969\/2021\/02\/1613088252713-01-1-1-300x224.jpeg\" alt=\"\" width=\"450\" height=\"337\" srcset=\"https:\/\/agora.xtec.cat\/iecadaques\/wp-content\/uploads\/usu1969\/2021\/02\/1613088252713-01-1-1-300x224.jpeg 300w, https:\/\/agora.xtec.cat\/iecadaques\/wp-content\/uploads\/usu1969\/2021\/02\/1613088252713-01-1-1-768x575.jpeg 768w, https:\/\/agora.xtec.cat\/iecadaques\/wp-content\/uploads\/usu1969\/2021\/02\/1613088252713-01-1-1-1024x766.jpeg 1024w, https:\/\/agora.xtec.cat\/iecadaques\/wp-content\/uploads\/usu1969\/2021\/02\/1613088252713-01-1-1-200x150.jpeg 200w\" sizes=\"auto, (max-width: 450px) 100vw, 450px\" \/><\/a><\/p>\n<p><span style=\"font-weight: 400;\">A partir d\u2019aquest conte, vam descobrir que existeixen diverses illes fetes de pl\u00e0stic acumulat per les corrents mar\u00edtimes enmig de l\u2019oce\u00e0. Vam veure un cap\u00edtol de l\u2019InfoK on en parlaven i a trav\u00e9s de Google i Google Earth vam estar observant aquests mars i oceans. Si no el coneixeu, vos el recomanem!<\/span><\/p>\n<p><span style=\"font-weight: 400;\">No ens agrada gens aix\u00f2 que est\u00e0 passant. Estem un xic preocupats per l\u2019enorme quantitat de deixalles que poblen el mar, per\u00f2 estem molt decidits a treballar per canviar-ho. Si tots ens hi posem, de ben segur podrem preservar aquest entorn tan bonic que tenim!<\/span><\/p>\n","protected":false},"excerpt":{"rendered":"<p>Es trimestre passat, es nens i nenes de cicle inicial vam fer una petita caminada fins sa platja des Caials. Un cop all\u00e0, ses educadores ambientals des Parc Natural mos van explicar qu\u00e8 \u00e9s el Cap de Creus i quin \u00e9s l\u2019origen d\u2019aquest nom. A&hellip;  <a href=\"https:\/\/agora.xtec.cat\/iecadaques\/portada\/entre-sirenes-i-pirates\/\" title=\"Read Entre sirenes i pirates\">Llegeix m\u00e9s\u00bb<\/a><\/p>\n","protected":false},"author":1,"featured_media":21403,"comment_status":"closed","ping_status":"closed","sticky":false,"template":"","format":"standard","meta":{"_bbp_topic_count":0,"_bbp_reply_count":0,"_bbp_total_topic_count":0,"_bbp_total_reply_count":0,"_bbp_voice_count":0,"_bbp_anonymous_reply_count":0,"_bbp_topic_count_hidden":0,"_bbp_reply_count_hidden":0,"_bbp_forum_subforum_count":0,"footnotes":""},"categories":[157,198,29],"tags":[180,181,123,39],"class_list":["post-21360","post","type-post","status-publish","format-standard","has-post-thumbnail","hentry","category-ci","category-escolaverda","category-portada","tag-pri1","tag-pri2","tag-natural","tag-sortides"],"post_mailing_queue_ids":[],"_links":{"self":[{"href":"https:\/\/agora.xtec.cat\/iecadaques\/wp-json\/wp\/v2\/posts\/21360","targetHints":{"allow":["GET"]}}],"collection":[{"href":"https:\/\/agora.xtec.cat\/iecadaques\/wp-json\/wp\/v2\/posts"}],"about":[{"href":"https:\/\/agora.xtec.cat\/iecadaques\/wp-json\/wp\/v2\/types\/post"}],"author":[{"embeddable":true,"href":"https:\/\/agora.xtec.cat\/iecadaques\/wp-json\/wp\/v2\/users\/1"}],"replies":[{"embeddable":true,"href":"https:\/\/agora.xtec.cat\/iecadaques\/wp-json\/wp\/v2\/comments?post=21360"}],"version-history":[{"count":3,"href":"https:\/\/agora.xtec.cat\/iecadaques\/wp-json\/wp\/v2\/posts\/21360\/revisions"}],"predecessor-version":[{"id":21412,"href":"https:\/\/agora.xtec.cat\/iecadaques\/wp-json\/wp\/v2\/posts\/21360\/revisions\/21412"}],"wp:featuredmedia":[{"embeddable":true,"href":"https:\/\/agora.xtec.cat\/iecadaques\/wp-json\/wp\/v2\/media\/21403"}],"wp:attachment":[{"href":"https:\/\/agora.xtec.cat\/iecadaques\/wp-json\/wp\/v2\/media?parent=21360"}],"wp:term":[{"taxonomy":"category","embeddable":true,"href":"https:\/\/agora.xtec.cat\/iecadaques\/wp-json\/wp\/v2\/categories?post=21360"},{"taxonomy":"post_tag","embeddable":true,"href":"https:\/\/agora.xtec.cat\/iecadaques\/wp-json\/wp\/v2\/tags?post=21360"}],"curies":[{"name":"wp","href":"https:\/\/api.w.org\/{rel}","templated":true}]}}