{"id":21342,"date":"2021-02-11T12:40:27","date_gmt":"2021-02-11T11:40:27","guid":{"rendered":"https:\/\/agora.xtec.cat\/iecadaques\/?p=21342"},"modified":"2021-02-12T19:49:57","modified_gmt":"2021-02-12T18:49:57","slug":"mil-grues-de-paper","status":"publish","type":"post","link":"https:\/\/agora.xtec.cat\/iecadaques\/general\/mil-grues-de-paper\/","title":{"rendered":"Mil grues de paper"},"content":{"rendered":"<p>El dia 30 de gener va ser el dia Internacional per la Pau, i per celebrar-ho, tots els alumnes de l\u2019Institut Escola Caritat Serinyana Cap de Creus van treballar en un projecte com\u00fa. Es va treballar el conte <i>Mil grullas<\/i>, de l\u2019autora argentina Elsa Bornemann.<\/p>\n<p>Els alumnes van aconseguir fer m\u00e9s de mil grues de paper, tal i com explica la llegenda narrada al conte. Aquestes han servit per muntar una exposici\u00f3 a l\u2019entrada de secund\u00e0ria i una altra al passad\u00eds d\u2019entrada d&#8217;educaci\u00f3 infantil.<\/p>\n<p>La nostra intenci\u00f3 \u00e9s enviar les grues a Hiroshima, ciutat ambaixadora per la Pau. Ha estat una experi\u00e8ncia molt positiva i motivadora que ha unit prim\u00e0ria i secund\u00e0ria per aconseguir una fita comuna.<\/p>\n<p>https:\/\/youtu.be\/-TWBJUJ6W0k<\/p>\n<p><a href=\"https:\/\/agora.xtec.cat\/iecadaques\/wp-content\/uploads\/usu1969\/2021\/02\/IMG_7599.jpg\"><img loading=\"lazy\" decoding=\"async\" class=\"alignnone size-large wp-image-21343\" src=\"https:\/\/agora.xtec.cat\/iecadaques\/wp-content\/uploads\/usu1969\/2021\/02\/IMG_7599-1024x501.jpg\" alt=\"\" width=\"1024\" height=\"501\" srcset=\"https:\/\/agora.xtec.cat\/iecadaques\/wp-content\/uploads\/usu1969\/2021\/02\/IMG_7599-1024x501.jpg 1024w, https:\/\/agora.xtec.cat\/iecadaques\/wp-content\/uploads\/usu1969\/2021\/02\/IMG_7599-300x147.jpg 300w, https:\/\/agora.xtec.cat\/iecadaques\/wp-content\/uploads\/usu1969\/2021\/02\/IMG_7599-768x376.jpg 768w\" sizes=\"auto, (max-width: 1024px) 100vw, 1024px\" \/><\/a> <a href=\"https:\/\/agora.xtec.cat\/iecadaques\/wp-content\/uploads\/usu1969\/2021\/02\/IMG_7601.jpg\"><img loading=\"lazy\" decoding=\"async\" class=\"alignnone size-large wp-image-21344\" src=\"https:\/\/agora.xtec.cat\/iecadaques\/wp-content\/uploads\/usu1969\/2021\/02\/IMG_7601-1024x768.jpg\" alt=\"\" width=\"1024\" height=\"768\" srcset=\"https:\/\/agora.xtec.cat\/iecadaques\/wp-content\/uploads\/usu1969\/2021\/02\/IMG_7601-1024x768.jpg 1024w, https:\/\/agora.xtec.cat\/iecadaques\/wp-content\/uploads\/usu1969\/2021\/02\/IMG_7601-300x225.jpg 300w, https:\/\/agora.xtec.cat\/iecadaques\/wp-content\/uploads\/usu1969\/2021\/02\/IMG_7601-768x576.jpg 768w, https:\/\/agora.xtec.cat\/iecadaques\/wp-content\/uploads\/usu1969\/2021\/02\/IMG_7601-200x150.jpg 200w\" sizes=\"auto, (max-width: 1024px) 100vw, 1024px\" \/><\/a> <a href=\"https:\/\/agora.xtec.cat\/iecadaques\/wp-content\/uploads\/usu1969\/2021\/02\/IMG_7604.jpg\"><img loading=\"lazy\" decoding=\"async\" class=\"alignnone size-large wp-image-21345\" src=\"https:\/\/agora.xtec.cat\/iecadaques\/wp-content\/uploads\/usu1969\/2021\/02\/IMG_7604-1024x768.jpg\" alt=\"\" width=\"1024\" height=\"768\" srcset=\"https:\/\/agora.xtec.cat\/iecadaques\/wp-content\/uploads\/usu1969\/2021\/02\/IMG_7604-1024x768.jpg 1024w, https:\/\/agora.xtec.cat\/iecadaques\/wp-content\/uploads\/usu1969\/2021\/02\/IMG_7604-300x225.jpg 300w, https:\/\/agora.xtec.cat\/iecadaques\/wp-content\/uploads\/usu1969\/2021\/02\/IMG_7604-768x576.jpg 768w, https:\/\/agora.xtec.cat\/iecadaques\/wp-content\/uploads\/usu1969\/2021\/02\/IMG_7604-200x150.jpg 200w\" sizes=\"auto, (max-width: 1024px) 100vw, 1024px\" \/><\/a> <a href=\"https:\/\/agora.xtec.cat\/iecadaques\/wp-content\/uploads\/usu1969\/2021\/02\/IMG_7607.jpg\"><img loading=\"lazy\" decoding=\"async\" class=\"alignnone size-large wp-image-21346\" src=\"https:\/\/agora.xtec.cat\/iecadaques\/wp-content\/uploads\/usu1969\/2021\/02\/IMG_7607-1024x768.jpg\" alt=\"\" width=\"1024\" height=\"768\" srcset=\"https:\/\/agora.xtec.cat\/iecadaques\/wp-content\/uploads\/usu1969\/2021\/02\/IMG_7607-1024x768.jpg 1024w, https:\/\/agora.xtec.cat\/iecadaques\/wp-content\/uploads\/usu1969\/2021\/02\/IMG_7607-300x225.jpg 300w, https:\/\/agora.xtec.cat\/iecadaques\/wp-content\/uploads\/usu1969\/2021\/02\/IMG_7607-768x576.jpg 768w, https:\/\/agora.xtec.cat\/iecadaques\/wp-content\/uploads\/usu1969\/2021\/02\/IMG_7607-200x150.jpg 200w\" sizes=\"auto, (max-width: 1024px) 100vw, 1024px\" \/><\/a> <a href=\"https:\/\/agora.xtec.cat\/iecadaques\/wp-content\/uploads\/usu1969\/2021\/02\/IMG_7608.jpg\"><img loading=\"lazy\" decoding=\"async\" class=\"alignnone size-large wp-image-21347\" src=\"https:\/\/agora.xtec.cat\/iecadaques\/wp-content\/uploads\/usu1969\/2021\/02\/IMG_7608-1024x768.jpg\" alt=\"\" width=\"1024\" height=\"768\" srcset=\"https:\/\/agora.xtec.cat\/iecadaques\/wp-content\/uploads\/usu1969\/2021\/02\/IMG_7608-1024x768.jpg 1024w, https:\/\/agora.xtec.cat\/iecadaques\/wp-content\/uploads\/usu1969\/2021\/02\/IMG_7608-300x225.jpg 300w, https:\/\/agora.xtec.cat\/iecadaques\/wp-content\/uploads\/usu1969\/2021\/02\/IMG_7608-768x576.jpg 768w, https:\/\/agora.xtec.cat\/iecadaques\/wp-content\/uploads\/usu1969\/2021\/02\/IMG_7608-200x150.jpg 200w\" sizes=\"auto, (max-width: 1024px) 100vw, 1024px\" \/><\/a><\/p>\n","protected":false},"excerpt":{"rendered":"<p>El dia 30 de gener va ser el dia Internacional per la Pau, i per celebrar-ho, tots els alumnes de l\u2019Institut Escola Caritat Serinyana Cap de Creus van treballar en un projecte com\u00fa. Es va treballar el conte Mil grullas, de l\u2019autora argentina Elsa Bornemann.<br \/>\nEls&hellip;  <a href=\"https:\/\/agora.xtec.cat\/iecadaques\/general\/mil-grues-de-paper\/\" title=\"Read Mil grues de paper\">Llegeix m\u00e9s\u00bb<\/a><\/p>\n","protected":false},"author":1,"featured_media":21344,"comment_status":"closed","ping_status":"closed","sticky":false,"template":"","format":"standard","meta":{"_bbp_topic_count":0,"_bbp_reply_count":0,"_bbp_total_topic_count":0,"_bbp_total_reply_count":0,"_bbp_voice_count":0,"_bbp_anonymous_reply_count":0,"_bbp_topic_count_hidden":0,"_bbp_reply_count_hidden":0,"_bbp_forum_subforum_count":0,"footnotes":""},"categories":[157,158,159,167,1,29],"tags":[128,170],"class_list":["post-21342","post","type-post","status-publish","format-standard","has-post-thumbnail","hentry","category-ci","category-cm","category-cs","category-eso","category-general","category-portada","tag-art","tag-llengues"],"post_mailing_queue_ids":[],"_links":{"self":[{"href":"https:\/\/agora.xtec.cat\/iecadaques\/wp-json\/wp\/v2\/posts\/21342","targetHints":{"allow":["GET"]}}],"collection":[{"href":"https:\/\/agora.xtec.cat\/iecadaques\/wp-json\/wp\/v2\/posts"}],"about":[{"href":"https:\/\/agora.xtec.cat\/iecadaques\/wp-json\/wp\/v2\/types\/post"}],"author":[{"embeddable":true,"href":"https:\/\/agora.xtec.cat\/iecadaques\/wp-json\/wp\/v2\/users\/1"}],"replies":[{"embeddable":true,"href":"https:\/\/agora.xtec.cat\/iecadaques\/wp-json\/wp\/v2\/comments?post=21342"}],"version-history":[{"count":2,"href":"https:\/\/agora.xtec.cat\/iecadaques\/wp-json\/wp\/v2\/posts\/21342\/revisions"}],"predecessor-version":[{"id":21402,"href":"https:\/\/agora.xtec.cat\/iecadaques\/wp-json\/wp\/v2\/posts\/21342\/revisions\/21402"}],"wp:featuredmedia":[{"embeddable":true,"href":"https:\/\/agora.xtec.cat\/iecadaques\/wp-json\/wp\/v2\/media\/21344"}],"wp:attachment":[{"href":"https:\/\/agora.xtec.cat\/iecadaques\/wp-json\/wp\/v2\/media?parent=21342"}],"wp:term":[{"taxonomy":"category","embeddable":true,"href":"https:\/\/agora.xtec.cat\/iecadaques\/wp-json\/wp\/v2\/categories?post=21342"},{"taxonomy":"post_tag","embeddable":true,"href":"https:\/\/agora.xtec.cat\/iecadaques\/wp-json\/wp\/v2\/tags?post=21342"}],"curies":[{"name":"wp","href":"https:\/\/api.w.org\/{rel}","templated":true}]}}