{"id":21286,"date":"2021-02-04T09:23:13","date_gmt":"2021-02-04T08:23:13","guid":{"rendered":"https:\/\/agora.xtec.cat\/iecadaques\/?p=21286"},"modified":"2021-02-09T11:57:06","modified_gmt":"2021-02-09T10:57:06","slug":"ens-orientem-be-per-poder-decidir","status":"publish","type":"post","link":"https:\/\/agora.xtec.cat\/iecadaques\/portada\/ens-orientem-be-per-poder-decidir\/","title":{"rendered":"Ens orientem b\u00e9 per poder decidir"},"content":{"rendered":"<p>L\u2019alumnat de 4t d\u2019ESO aviat haur\u00e0 de prendre una decisi\u00f3 important a la seva vida: caldr\u00e0 que, un cop acabat l\u2019ESO, inici\u00ef un altre per\u00edode de formaci\u00f3 post obligat\u00f2ria (Batxillerat \/ Formaci\u00f3 Professional) o b\u00e9 s\u2019incorpori al m\u00f3n laboral. Per tal de decidir amb la major informaci\u00f3 possible i aix\u00ed fer una tria conscient hem iniciat a les hores de tutoria unes sessions\u00a0 de reflexi\u00f3, autoconeixement, an\u00e0lisi del mercat i del sistema educatiu.<\/p>\n<p>Aquest dilluns, 1 de febrer, la Maria i la Bea, dues t\u00e8cniques del Consell Comarcal, ens han vingut a oferir la xerrada\/taller, <b><i>I ARA QU\u00c8?\u00a0<\/i><\/b><\/p>\n<p>M\u00e9s endavant ens visitaran de nou per seguir aportant eines \u00fatils i necess\u00e0ries en el m\u00f3n professional <i>(elaboraci\u00f3 de curr\u00edculums, preparaci\u00f3 d\u2019entrevistes laborals&#8230;).<\/i><\/p>\n<p><a href=\"https:\/\/agora.xtec.cat\/iecadaques\/wp-content\/uploads\/usu1969\/2021\/02\/IMG_20210201_143928.jpg\"><img loading=\"lazy\" decoding=\"async\" class=\"alignnone size-large wp-image-21287\" src=\"https:\/\/agora.xtec.cat\/iecadaques\/wp-content\/uploads\/usu1969\/2021\/02\/IMG_20210201_143928-1024x768.jpg\" alt=\"\" width=\"1024\" height=\"768\" srcset=\"https:\/\/agora.xtec.cat\/iecadaques\/wp-content\/uploads\/usu1969\/2021\/02\/IMG_20210201_143928-1024x768.jpg 1024w, https:\/\/agora.xtec.cat\/iecadaques\/wp-content\/uploads\/usu1969\/2021\/02\/IMG_20210201_143928-300x225.jpg 300w, https:\/\/agora.xtec.cat\/iecadaques\/wp-content\/uploads\/usu1969\/2021\/02\/IMG_20210201_143928-768x576.jpg 768w, https:\/\/agora.xtec.cat\/iecadaques\/wp-content\/uploads\/usu1969\/2021\/02\/IMG_20210201_143928-200x150.jpg 200w\" sizes=\"auto, (max-width: 1024px) 100vw, 1024px\" \/><\/a> <a href=\"https:\/\/agora.xtec.cat\/iecadaques\/wp-content\/uploads\/usu1969\/2021\/02\/IMG_20210201_143938-2.jpg\"><img loading=\"lazy\" decoding=\"async\" class=\"alignnone size-large wp-image-21288\" src=\"https:\/\/agora.xtec.cat\/iecadaques\/wp-content\/uploads\/usu1969\/2021\/02\/IMG_20210201_143938-2-1024x768.jpg\" alt=\"\" width=\"1024\" height=\"768\" srcset=\"https:\/\/agora.xtec.cat\/iecadaques\/wp-content\/uploads\/usu1969\/2021\/02\/IMG_20210201_143938-2-1024x768.jpg 1024w, https:\/\/agora.xtec.cat\/iecadaques\/wp-content\/uploads\/usu1969\/2021\/02\/IMG_20210201_143938-2-300x225.jpg 300w, https:\/\/agora.xtec.cat\/iecadaques\/wp-content\/uploads\/usu1969\/2021\/02\/IMG_20210201_143938-2-768x576.jpg 768w, https:\/\/agora.xtec.cat\/iecadaques\/wp-content\/uploads\/usu1969\/2021\/02\/IMG_20210201_143938-2-200x150.jpg 200w\" sizes=\"auto, (max-width: 1024px) 100vw, 1024px\" \/><\/a><\/p>\n","protected":false},"excerpt":{"rendered":"<p>L\u2019alumnat de 4t d\u2019ESO aviat haur\u00e0 de prendre una decisi\u00f3 important a la seva vida: caldr\u00e0 que, un cop acabat l\u2019ESO, inici\u00ef un altre per\u00edode de formaci\u00f3 post obligat\u00f2ria (Batxillerat \/ Formaci\u00f3 Professional) o b\u00e9 s\u2019incorpori al m\u00f3n laboral. Per tal de decidir amb la&hellip;  <a href=\"https:\/\/agora.xtec.cat\/iecadaques\/portada\/ens-orientem-be-per-poder-decidir\/\" title=\"Read Ens orientem b\u00e9 per poder decidir\">Llegeix m\u00e9s\u00bb<\/a><\/p>\n","protected":false},"author":1,"featured_media":21287,"comment_status":"closed","ping_status":"closed","sticky":false,"template":"","format":"standard","meta":{"_bbp_topic_count":0,"_bbp_reply_count":0,"_bbp_total_topic_count":0,"_bbp_total_reply_count":0,"_bbp_voice_count":0,"_bbp_anonymous_reply_count":0,"_bbp_topic_count_hidden":0,"_bbp_reply_count_hidden":0,"_bbp_forum_subforum_count":0,"footnotes":""},"categories":[167,29],"tags":[129,246],"class_list":["post-21286","post","type-post","status-publish","format-standard","has-post-thumbnail","hentry","category-eso","category-portada","tag-eso4","tag-orientacio"],"post_mailing_queue_ids":[],"_links":{"self":[{"href":"https:\/\/agora.xtec.cat\/iecadaques\/wp-json\/wp\/v2\/posts\/21286","targetHints":{"allow":["GET"]}}],"collection":[{"href":"https:\/\/agora.xtec.cat\/iecadaques\/wp-json\/wp\/v2\/posts"}],"about":[{"href":"https:\/\/agora.xtec.cat\/iecadaques\/wp-json\/wp\/v2\/types\/post"}],"author":[{"embeddable":true,"href":"https:\/\/agora.xtec.cat\/iecadaques\/wp-json\/wp\/v2\/users\/1"}],"replies":[{"embeddable":true,"href":"https:\/\/agora.xtec.cat\/iecadaques\/wp-json\/wp\/v2\/comments?post=21286"}],"version-history":[{"count":1,"href":"https:\/\/agora.xtec.cat\/iecadaques\/wp-json\/wp\/v2\/posts\/21286\/revisions"}],"predecessor-version":[{"id":21289,"href":"https:\/\/agora.xtec.cat\/iecadaques\/wp-json\/wp\/v2\/posts\/21286\/revisions\/21289"}],"wp:featuredmedia":[{"embeddable":true,"href":"https:\/\/agora.xtec.cat\/iecadaques\/wp-json\/wp\/v2\/media\/21287"}],"wp:attachment":[{"href":"https:\/\/agora.xtec.cat\/iecadaques\/wp-json\/wp\/v2\/media?parent=21286"}],"wp:term":[{"taxonomy":"category","embeddable":true,"href":"https:\/\/agora.xtec.cat\/iecadaques\/wp-json\/wp\/v2\/categories?post=21286"},{"taxonomy":"post_tag","embeddable":true,"href":"https:\/\/agora.xtec.cat\/iecadaques\/wp-json\/wp\/v2\/tags?post=21286"}],"curies":[{"name":"wp","href":"https:\/\/api.w.org\/{rel}","templated":true}]}}