{"id":21202,"date":"2021-01-20T21:20:38","date_gmt":"2021-01-20T20:20:38","guid":{"rendered":"https:\/\/agora.xtec.cat\/iecadaques\/?p=21202"},"modified":"2021-01-20T21:20:38","modified_gmt":"2021-01-20T20:20:38","slug":"setmana-incadaques-taller-dantotipia","status":"publish","type":"post","link":"https:\/\/agora.xtec.cat\/iecadaques\/portada\/setmana-incadaques-taller-dantotipia\/","title":{"rendered":"Setmana InCadaqu\u00e9s: Taller d&#8217;Antot\u00edpia."},"content":{"rendered":"<p><span style=\"font-weight: 400;\">Els alumnes que estan fent la mat\u00e8ria de Visual i Pl\u00e0stica a 4t de l&#8217;ESO de l&#8217;Institut Escola Caritat Serinyana Cap de Creus, van tenir l&#8217;oportunitat de realitzar el taller d&#8217;Antot\u00edpia i de gaudir de la visita de diverses exposicions dins la setmana de l&#8217;exhibici\u00f3 de InCadaqu\u00e9s.\u00a0<\/span><\/p>\n<p><span style=\"font-weight: 400;\">Va resultar una experi\u00e8ncia molt enriquidora a nivell art\u00edstic, que no nom\u00e9s va permetre l&#8217;alumnat aprofitar la visita a una exposici\u00f3 relacionada amb el tema de la fotografia que estaven estudiant en el moment de l&#8217;exposici\u00f3 sin\u00f3 tamb\u00e9 desenvolupar compet\u00e8ncies que formen part del curr\u00edculum de les compet\u00e8ncies b\u00e0siques proposades pel Departament d&#8217;Educaci\u00f3, com ara el fet de valorar amb respecte i sentit cr\u00edtic les produccions art\u00edstiques en els seus contextos i funcions o el fet de gaudir de les experi\u00e8ncies i creacions art\u00edstiques com a font d&#8217;enriquiment personal i social.\u00a0<\/span><\/p>\n<p><span style=\"font-weight: 400;\">La realitzaci\u00f3 del taller d&#8217;Antot\u00edpia els ha perm\u00e8s fer \u00fas del coneixement art\u00edstic i de les seves produccions com a mitj\u00e0 de cohesi\u00f3 i d&#8217;acci\u00f3 prosocial.\u00a0<\/span><\/p>\n<p><span style=\"font-weight: 400;\">El nostre agra\u00efment a qui ho ha fet possible, l&#8217;Ajuntament de Cadaqu\u00e9s amb el seu recolzament econ\u00f2mic, Valmont Achalme com a organitzador del InCadaqu\u00e9s i a la Marta Garcia que ha realitzat el taller d&#8217;Antot\u00edpia.\u00a0<\/span><\/p>\n<p><a href=\"https:\/\/agora.xtec.cat\/iecadaques\/wp-content\/uploads\/usu1969\/2021\/01\/Taller-11.jpg\"><img loading=\"lazy\" decoding=\"async\" class=\"alignnone size-large wp-image-21204\" src=\"https:\/\/agora.xtec.cat\/iecadaques\/wp-content\/uploads\/usu1969\/2021\/01\/Taller-11-768x1024.jpg\" alt=\"\" width=\"768\" height=\"1024\" srcset=\"https:\/\/agora.xtec.cat\/iecadaques\/wp-content\/uploads\/usu1969\/2021\/01\/Taller-11.jpg 768w, https:\/\/agora.xtec.cat\/iecadaques\/wp-content\/uploads\/usu1969\/2021\/01\/Taller-11-225x300.jpg 225w\" sizes=\"auto, (max-width: 768px) 100vw, 768px\" \/><\/a> <a href=\"https:\/\/agora.xtec.cat\/iecadaques\/wp-content\/uploads\/usu1969\/2021\/01\/Taller-22.jpg\"><img loading=\"lazy\" decoding=\"async\" class=\"alignnone size-large wp-image-21205\" src=\"https:\/\/agora.xtec.cat\/iecadaques\/wp-content\/uploads\/usu1969\/2021\/01\/Taller-22-1024x768.jpg\" alt=\"\" width=\"1024\" height=\"768\" srcset=\"https:\/\/agora.xtec.cat\/iecadaques\/wp-content\/uploads\/usu1969\/2021\/01\/Taller-22.jpg 1024w, https:\/\/agora.xtec.cat\/iecadaques\/wp-content\/uploads\/usu1969\/2021\/01\/Taller-22-300x225.jpg 300w, https:\/\/agora.xtec.cat\/iecadaques\/wp-content\/uploads\/usu1969\/2021\/01\/Taller-22-768x576.jpg 768w, https:\/\/agora.xtec.cat\/iecadaques\/wp-content\/uploads\/usu1969\/2021\/01\/Taller-22-200x150.jpg 200w\" sizes=\"auto, (max-width: 1024px) 100vw, 1024px\" \/><\/a> <a href=\"https:\/\/agora.xtec.cat\/iecadaques\/wp-content\/uploads\/usu1969\/2021\/01\/Taller-33.jpg\"><img loading=\"lazy\" decoding=\"async\" class=\"alignnone size-large wp-image-21206\" src=\"https:\/\/agora.xtec.cat\/iecadaques\/wp-content\/uploads\/usu1969\/2021\/01\/Taller-33-1024x768.jpg\" alt=\"\" width=\"1024\" height=\"768\" srcset=\"https:\/\/agora.xtec.cat\/iecadaques\/wp-content\/uploads\/usu1969\/2021\/01\/Taller-33.jpg 1024w, https:\/\/agora.xtec.cat\/iecadaques\/wp-content\/uploads\/usu1969\/2021\/01\/Taller-33-300x225.jpg 300w, https:\/\/agora.xtec.cat\/iecadaques\/wp-content\/uploads\/usu1969\/2021\/01\/Taller-33-768x576.jpg 768w, https:\/\/agora.xtec.cat\/iecadaques\/wp-content\/uploads\/usu1969\/2021\/01\/Taller-33-200x150.jpg 200w\" sizes=\"auto, (max-width: 1024px) 100vw, 1024px\" \/><\/a> <a href=\"https:\/\/agora.xtec.cat\/iecadaques\/wp-content\/uploads\/usu1969\/2021\/01\/Taller-44.jpg\"><img loading=\"lazy\" decoding=\"async\" class=\"alignnone size-large wp-image-21207\" src=\"https:\/\/agora.xtec.cat\/iecadaques\/wp-content\/uploads\/usu1969\/2021\/01\/Taller-44-1024x768.jpg\" alt=\"\" width=\"1024\" height=\"768\" srcset=\"https:\/\/agora.xtec.cat\/iecadaques\/wp-content\/uploads\/usu1969\/2021\/01\/Taller-44.jpg 1024w, https:\/\/agora.xtec.cat\/iecadaques\/wp-content\/uploads\/usu1969\/2021\/01\/Taller-44-300x225.jpg 300w, https:\/\/agora.xtec.cat\/iecadaques\/wp-content\/uploads\/usu1969\/2021\/01\/Taller-44-768x576.jpg 768w, https:\/\/agora.xtec.cat\/iecadaques\/wp-content\/uploads\/usu1969\/2021\/01\/Taller-44-200x150.jpg 200w\" sizes=\"auto, (max-width: 1024px) 100vw, 1024px\" \/><\/a> <a href=\"https:\/\/agora.xtec.cat\/iecadaques\/wp-content\/uploads\/usu1969\/2021\/01\/Taller-55.jpg\"><img loading=\"lazy\" decoding=\"async\" class=\"alignnone size-large wp-image-21208\" src=\"https:\/\/agora.xtec.cat\/iecadaques\/wp-content\/uploads\/usu1969\/2021\/01\/Taller-55-768x1024.jpg\" alt=\"\" width=\"768\" height=\"1024\" srcset=\"https:\/\/agora.xtec.cat\/iecadaques\/wp-content\/uploads\/usu1969\/2021\/01\/Taller-55.jpg 768w, https:\/\/agora.xtec.cat\/iecadaques\/wp-content\/uploads\/usu1969\/2021\/01\/Taller-55-225x300.jpg 225w\" sizes=\"auto, (max-width: 768px) 100vw, 768px\" \/><\/a><\/p>\n<p>&nbsp;<\/p>\n","protected":false},"excerpt":{"rendered":"<p>Els alumnes que estan fent la mat\u00e8ria de Visual i Pl\u00e0stica a 4t de l&#8217;ESO de l&#8217;Institut Escola Caritat Serinyana Cap de Creus, van tenir l&#8217;oportunitat de realitzar el taller d&#8217;Antot\u00edpia i de gaudir de la visita de diverses exposicions dins la setmana de l&#8217;exhibici\u00f3&hellip;  <a href=\"https:\/\/agora.xtec.cat\/iecadaques\/portada\/setmana-incadaques-taller-dantotipia\/\" title=\"Read Setmana InCadaqu\u00e9s: Taller d&#8217;Antot\u00edpia.\">Llegeix m\u00e9s\u00bb<\/a><\/p>\n","protected":false},"author":1,"featured_media":21204,"comment_status":"closed","ping_status":"closed","sticky":false,"template":"","format":"standard","meta":{"_bbp_topic_count":0,"_bbp_reply_count":0,"_bbp_total_topic_count":0,"_bbp_total_reply_count":0,"_bbp_voice_count":0,"_bbp_anonymous_reply_count":0,"_bbp_topic_count_hidden":0,"_bbp_reply_count_hidden":0,"_bbp_forum_subforum_count":0,"footnotes":""},"categories":[167,29],"tags":[129,128],"class_list":["post-21202","post","type-post","status-publish","format-standard","has-post-thumbnail","hentry","category-eso","category-portada","tag-eso4","tag-art"],"post_mailing_queue_ids":[],"_links":{"self":[{"href":"https:\/\/agora.xtec.cat\/iecadaques\/wp-json\/wp\/v2\/posts\/21202","targetHints":{"allow":["GET"]}}],"collection":[{"href":"https:\/\/agora.xtec.cat\/iecadaques\/wp-json\/wp\/v2\/posts"}],"about":[{"href":"https:\/\/agora.xtec.cat\/iecadaques\/wp-json\/wp\/v2\/types\/post"}],"author":[{"embeddable":true,"href":"https:\/\/agora.xtec.cat\/iecadaques\/wp-json\/wp\/v2\/users\/1"}],"replies":[{"embeddable":true,"href":"https:\/\/agora.xtec.cat\/iecadaques\/wp-json\/wp\/v2\/comments?post=21202"}],"version-history":[{"count":1,"href":"https:\/\/agora.xtec.cat\/iecadaques\/wp-json\/wp\/v2\/posts\/21202\/revisions"}],"predecessor-version":[{"id":21209,"href":"https:\/\/agora.xtec.cat\/iecadaques\/wp-json\/wp\/v2\/posts\/21202\/revisions\/21209"}],"wp:featuredmedia":[{"embeddable":true,"href":"https:\/\/agora.xtec.cat\/iecadaques\/wp-json\/wp\/v2\/media\/21204"}],"wp:attachment":[{"href":"https:\/\/agora.xtec.cat\/iecadaques\/wp-json\/wp\/v2\/media?parent=21202"}],"wp:term":[{"taxonomy":"category","embeddable":true,"href":"https:\/\/agora.xtec.cat\/iecadaques\/wp-json\/wp\/v2\/categories?post=21202"},{"taxonomy":"post_tag","embeddable":true,"href":"https:\/\/agora.xtec.cat\/iecadaques\/wp-json\/wp\/v2\/tags?post=21202"}],"curies":[{"name":"wp","href":"https:\/\/api.w.org\/{rel}","templated":true}]}}