{"id":21119,"date":"2021-01-18T20:41:54","date_gmt":"2021-01-18T19:41:54","guid":{"rendered":"https:\/\/agora.xtec.cat\/iecadaques\/?p=21119"},"modified":"2021-01-19T18:36:30","modified_gmt":"2021-01-19T17:36:30","slug":"poefa-projectes-amb-oportunitats-dexit-educatiu-a-favor-de-lalumnat","status":"publish","type":"post","link":"https:\/\/agora.xtec.cat\/iecadaques\/portada\/poefa-projectes-amb-oportunitats-dexit-educatiu-a-favor-de-lalumnat\/","title":{"rendered":"POEFA | Projectes amb oportunitats d&#8217;\u00e8xit educatiu a favor de l&#8217;alumnat"},"content":{"rendered":"<p>Es nostro projecte t\u00e9 per nom <em>APRENDRE I GAUDIR. <\/em>Est\u00e0 <strong>dirigit a l&#8217;alumnat de l&#8217;etapa de prim\u00e0ria i secund\u00e0ria <\/strong>i contempla accions innovadores de suport i refor\u00e7 per a la reducci\u00f3 i la prevenci\u00f3 de l\u2019abandonament escolar prematur i el foment de la igualtat d\u2019acc\u00e9s a una educaci\u00f3 de qualitat.<\/p>\n<p>Programa finan\u00e7at pel Ministeri d\u2019Educaci\u00f3 i Formaci\u00f3 Professional i cofinan\u00e7at pel Fons Social Europeu.<\/p>\n<p><object style=\"width: 800px; height: 600px;\" data=\"https:\/\/docs.google.com\/gview?embedded=true&amp;url=https:\/\/agora.xtec.cat\/iecadaques\/wp-content\/uploads\/usu1969\/2021\/01\/Difusio-POEFA.pdf\" width=\"300\" height=\"150\"><\/object><\/p>\n","protected":false},"excerpt":{"rendered":"<p>Es nostro projecte t\u00e9 per nom APRENDRE I GAUDIR. Est\u00e0 dirigit a l&#8217;alumnat de l&#8217;etapa de prim\u00e0ria i secund\u00e0ria i contempla accions innovadores de suport i refor\u00e7 per a la reducci\u00f3 i la prevenci\u00f3 de l\u2019abandonament escolar prematur i el foment de la igualtat d\u2019acc\u00e9s&hellip;  <a href=\"https:\/\/agora.xtec.cat\/iecadaques\/portada\/poefa-projectes-amb-oportunitats-dexit-educatiu-a-favor-de-lalumnat\/\" title=\"Read POEFA | Projectes amb oportunitats d&#8217;\u00e8xit educatiu a favor de l&#8217;alumnat\">Llegeix m\u00e9s\u00bb<\/a><\/p>\n","protected":false},"author":48,"featured_media":21093,"comment_status":"closed","ping_status":"closed","sticky":false,"template":"","format":"standard","meta":{"_bbp_topic_count":0,"_bbp_reply_count":0,"_bbp_total_topic_count":0,"_bbp_total_reply_count":0,"_bbp_voice_count":0,"_bbp_anonymous_reply_count":0,"_bbp_topic_count_hidden":0,"_bbp_reply_count_hidden":0,"_bbp_forum_subforum_count":0,"footnotes":""},"categories":[157,158,159,167,29],"tags":[245],"class_list":["post-21119","post","type-post","status-publish","format-standard","has-post-thumbnail","hentry","category-ci","category-cm","category-cs","category-eso","category-portada","tag-poefa"],"post_mailing_queue_ids":[],"_links":{"self":[{"href":"https:\/\/agora.xtec.cat\/iecadaques\/wp-json\/wp\/v2\/posts\/21119","targetHints":{"allow":["GET"]}}],"collection":[{"href":"https:\/\/agora.xtec.cat\/iecadaques\/wp-json\/wp\/v2\/posts"}],"about":[{"href":"https:\/\/agora.xtec.cat\/iecadaques\/wp-json\/wp\/v2\/types\/post"}],"author":[{"embeddable":true,"href":"https:\/\/agora.xtec.cat\/iecadaques\/wp-json\/wp\/v2\/users\/48"}],"replies":[{"embeddable":true,"href":"https:\/\/agora.xtec.cat\/iecadaques\/wp-json\/wp\/v2\/comments?post=21119"}],"version-history":[{"count":3,"href":"https:\/\/agora.xtec.cat\/iecadaques\/wp-json\/wp\/v2\/posts\/21119\/revisions"}],"predecessor-version":[{"id":21154,"href":"https:\/\/agora.xtec.cat\/iecadaques\/wp-json\/wp\/v2\/posts\/21119\/revisions\/21154"}],"wp:featuredmedia":[{"embeddable":true,"href":"https:\/\/agora.xtec.cat\/iecadaques\/wp-json\/wp\/v2\/media\/21093"}],"wp:attachment":[{"href":"https:\/\/agora.xtec.cat\/iecadaques\/wp-json\/wp\/v2\/media?parent=21119"}],"wp:term":[{"taxonomy":"category","embeddable":true,"href":"https:\/\/agora.xtec.cat\/iecadaques\/wp-json\/wp\/v2\/categories?post=21119"},{"taxonomy":"post_tag","embeddable":true,"href":"https:\/\/agora.xtec.cat\/iecadaques\/wp-json\/wp\/v2\/tags?post=21119"}],"curies":[{"name":"wp","href":"https:\/\/api.w.org\/{rel}","templated":true}]}}