{"id":20661,"date":"2020-11-24T14:04:19","date_gmt":"2020-11-24T13:04:19","guid":{"rendered":"https:\/\/agora.xtec.cat\/iecadaques\/?p=20661"},"modified":"2020-12-06T01:18:38","modified_gmt":"2020-12-06T00:18:38","slug":"desemmascarem-la-violencia-de-genere","status":"publish","type":"post","link":"https:\/\/agora.xtec.cat\/iecadaques\/portada\/desemmascarem-la-violencia-de-genere\/","title":{"rendered":"Desemmascarem la viol\u00e8ncia de g\u00e8nere"},"content":{"rendered":"<p><iframe loading=\"lazy\" src=\"https:\/\/www.youtube.com\/embed\/_bjgrkUm4n8\" width=\"560\" height=\"315\" frameborder=\"0\"><span data-mce-type=\"bookmark\" style=\"display: inline-block; width: 0px; overflow: hidden; line-height: 0;\" class=\"mce_SELRES_start\">\ufeff<\/span><\/iframe><\/p>\n<p>L&#8217;institut escola Caritat Serinyana Cap de Creus se suma al Dia Internacional per a l&#8217;Eliminaci\u00f3 de la viol\u00e8ncia contra les dones. Alumnes de 3r i 4t d&#8217;ESO han gravat un v\u00eddeo \u00a0per denunciar la viol\u00e8ncia de g\u00e8nere a partir de les can\u00e7ons que escolten avui en dia molts adolescents.<\/p>\n<p>Participants al v\u00eddeo: Nel\u00b7la, Salem, Carla D, Rita, Kiara G, \u00c0lex N, Zoe, Clara A, Albert C, Kiara D, \u00c0lek, Alexandra, J\u00falia P, Laia B, Ferran O, Carla M i Nicole C.<\/p>\n","protected":false},"excerpt":{"rendered":"<p>\ufeff<br \/>\nL&#8217;institut escola Caritat Serinyana Cap de Creus se suma al Dia Internacional per a l&#8217;Eliminaci\u00f3 de la viol\u00e8ncia contra les dones. Alumnes de 3r i 4t d&#8217;ESO han gravat un v\u00eddeo \u00a0per denunciar la viol\u00e8ncia de g\u00e8nere a partir de les can\u00e7ons que escolten avui&hellip;  <a href=\"https:\/\/agora.xtec.cat\/iecadaques\/portada\/desemmascarem-la-violencia-de-genere\/\" title=\"Read Desemmascarem la viol\u00e8ncia de g\u00e8nere\">Llegeix m\u00e9s\u00bb<\/a><\/p>\n","protected":false},"author":1,"featured_media":0,"comment_status":"closed","ping_status":"closed","sticky":false,"template":"","format":"standard","meta":{"_bbp_topic_count":0,"_bbp_reply_count":0,"_bbp_total_topic_count":0,"_bbp_total_reply_count":0,"_bbp_voice_count":0,"_bbp_anonymous_reply_count":0,"_bbp_topic_count_hidden":0,"_bbp_reply_count_hidden":0,"_bbp_forum_subforum_count":0,"footnotes":""},"categories":[29],"tags":[131,129,122],"class_list":["post-20661","post","type-post","status-publish","format-standard","hentry","category-portada","tag-eso3","tag-eso4","tag-convivencia"],"post_mailing_queue_ids":[],"_links":{"self":[{"href":"https:\/\/agora.xtec.cat\/iecadaques\/wp-json\/wp\/v2\/posts\/20661","targetHints":{"allow":["GET"]}}],"collection":[{"href":"https:\/\/agora.xtec.cat\/iecadaques\/wp-json\/wp\/v2\/posts"}],"about":[{"href":"https:\/\/agora.xtec.cat\/iecadaques\/wp-json\/wp\/v2\/types\/post"}],"author":[{"embeddable":true,"href":"https:\/\/agora.xtec.cat\/iecadaques\/wp-json\/wp\/v2\/users\/1"}],"replies":[{"embeddable":true,"href":"https:\/\/agora.xtec.cat\/iecadaques\/wp-json\/wp\/v2\/comments?post=20661"}],"version-history":[{"count":4,"href":"https:\/\/agora.xtec.cat\/iecadaques\/wp-json\/wp\/v2\/posts\/20661\/revisions"}],"predecessor-version":[{"id":20770,"href":"https:\/\/agora.xtec.cat\/iecadaques\/wp-json\/wp\/v2\/posts\/20661\/revisions\/20770"}],"wp:attachment":[{"href":"https:\/\/agora.xtec.cat\/iecadaques\/wp-json\/wp\/v2\/media?parent=20661"}],"wp:term":[{"taxonomy":"category","embeddable":true,"href":"https:\/\/agora.xtec.cat\/iecadaques\/wp-json\/wp\/v2\/categories?post=20661"},{"taxonomy":"post_tag","embeddable":true,"href":"https:\/\/agora.xtec.cat\/iecadaques\/wp-json\/wp\/v2\/tags?post=20661"}],"curies":[{"name":"wp","href":"https:\/\/api.w.org\/{rel}","templated":true}]}}