{"id":20644,"date":"2020-11-24T08:28:57","date_gmt":"2020-11-24T07:28:57","guid":{"rendered":"https:\/\/agora.xtec.cat\/iecadaques\/?p=20644"},"modified":"2020-11-24T13:56:56","modified_gmt":"2020-11-24T12:56:56","slug":"25-de-novembre-dia-contra-la-violencia-de-genere","status":"publish","type":"post","link":"https:\/\/agora.xtec.cat\/iecadaques\/general\/25-de-novembre-dia-contra-la-violencia-de-genere\/","title":{"rendered":"25 de novembre: Dia contra la viol\u00e8ncia de g\u00e8nere"},"content":{"rendered":"<p style=\"text-align: left;\">Aquest dimecres, 25 de novembre, es celebra el dia internacional per a l\u2019eliminaci\u00f3 de la viol\u00e8ncia de g\u00e8nere. L\u2019Institut Escola Caritat Serinyana Cap de Creus, juntament amb el col\u00b7lectiu de dones de Cadaqu\u00e9s, ens sumem a aquesta reivindicaci\u00f3 social per tal d\u2019aconseguir el respecte envers totes les persones, independentment del seu g\u00e8nere o condici\u00f3. Alguns alumnes de 3r i 4t d\u2019ESO han gravat i editat un v\u00eddeo que podreu veure penjat a aquesta mateixa\u00a0 p\u00e0gina web. Es tracta d\u2019un v\u00eddeo de den\u00fancia a les lletres sexistes de moltes can\u00e7ons que escolten els joves, sobretot. Una autocr\u00edtica valenta acompanyada de propostes musicals m\u00e9s respectuoses i madures pel que fa al seu missatge.<\/p>\n<p style=\"text-align: justify;\">Amb el lema \u201cDiposita aqu\u00ed el teu masclisme\u201d,\u00a0 l&#8217;Institut Catal\u00e0 de les Dones presenta una campanya per recon\u00e8ixer i desmuntar el masclisme. Aquesta campanya pren forma mitjan\u00e7ant una enganxina que es reparteix entre els joves per tal de que la deixin en els contenidors i papereres i aix\u00ed conscienciar la comunitat de la necessitat de denunciar actituds masclistes.<\/p>\n<p style=\"text-align: justify;\">La campanya, que compta amb la col\u00b7laboraci\u00f3 dels consistoris,\u00a0consisteix en fer visible en les papereres p\u00fabliques aquest lema i aix\u00ed visibilitzar aquesta realitat per a poder aconseguir la igualtat efectiva i desemmascarar les desigualtats socials, pol\u00edtiques, econ\u00f2miques i jur\u00eddiques que pateixen les dones. El mateix dimecres els alumnes de 1r i 2n d\u2019ESO faran una actuaci\u00f3 simb\u00f2lica al Passeig enganxant aquests adhesius a diferents contenidors.<\/p>\n<p style=\"text-align: justify;\">En la mateixa l\u00ednia de den\u00fancia social el col\u00b7lectiu de dones de Cadaqu\u00e9s ha exposat al Passeig unes fotografies que conviden a la reflexi\u00f3 sobre aquesta dura realitat.<\/p>\n<p style=\"text-align: justify;\"><a href=\"https:\/\/agora.xtec.cat\/iecadaques\/wp-content\/uploads\/usu1969\/2020\/11\/diposita-masclisme.jpg_1278877619.jpg\"><img loading=\"lazy\" decoding=\"async\" class=\"size-full wp-image-20645 aligncenter\" src=\"https:\/\/agora.xtec.cat\/iecadaques\/wp-content\/uploads\/usu1969\/2020\/11\/diposita-masclisme.jpg_1278877619.jpg\" alt=\"\" width=\"375\" height=\"124\" srcset=\"https:\/\/agora.xtec.cat\/iecadaques\/wp-content\/uploads\/usu1969\/2020\/11\/diposita-masclisme.jpg_1278877619.jpg 375w, https:\/\/agora.xtec.cat\/iecadaques\/wp-content\/uploads\/usu1969\/2020\/11\/diposita-masclisme.jpg_1278877619-300x99.jpg 300w\" sizes=\"auto, (max-width: 375px) 100vw, 375px\" \/><\/a><a href=\"https:\/\/agora.xtec.cat\/iecadaques\/wp-content\/uploads\/usu1969\/2020\/11\/Paperera_Diposita_555.jpg_1225332195.jpg\"><img loading=\"lazy\" decoding=\"async\" class=\"size-large wp-image-20646 aligncenter\" src=\"https:\/\/agora.xtec.cat\/iecadaques\/wp-content\/uploads\/usu1969\/2020\/11\/Paperera_Diposita_555.jpg_1225332195.jpg\" alt=\"\" width=\"555\" height=\"416\" srcset=\"https:\/\/agora.xtec.cat\/iecadaques\/wp-content\/uploads\/usu1969\/2020\/11\/Paperera_Diposita_555.jpg_1225332195.jpg 555w, https:\/\/agora.xtec.cat\/iecadaques\/wp-content\/uploads\/usu1969\/2020\/11\/Paperera_Diposita_555.jpg_1225332195-300x225.jpg 300w, https:\/\/agora.xtec.cat\/iecadaques\/wp-content\/uploads\/usu1969\/2020\/11\/Paperera_Diposita_555.jpg_1225332195-200x150.jpg 200w\" sizes=\"auto, (max-width: 555px) 100vw, 555px\" \/><\/a><\/p>\n","protected":false},"excerpt":{"rendered":"<p>Aquest dimecres, 25 de novembre, es celebra el dia internacional per a l\u2019eliminaci\u00f3 de la viol\u00e8ncia de g\u00e8nere. L\u2019Institut Escola Caritat Serinyana Cap de Creus, juntament amb el col\u00b7lectiu de dones de Cadaqu\u00e9s, ens sumem a aquesta reivindicaci\u00f3 social per tal d\u2019aconseguir el respecte envers&hellip;  <a href=\"https:\/\/agora.xtec.cat\/iecadaques\/general\/25-de-novembre-dia-contra-la-violencia-de-genere\/\" title=\"Read 25 de novembre: Dia contra la viol\u00e8ncia de g\u00e8nere\">Llegeix m\u00e9s\u00bb<\/a><\/p>\n","protected":false},"author":1,"featured_media":20646,"comment_status":"closed","ping_status":"closed","sticky":false,"template":"","format":"standard","meta":{"_bbp_topic_count":0,"_bbp_reply_count":0,"_bbp_total_topic_count":0,"_bbp_total_reply_count":0,"_bbp_voice_count":0,"_bbp_anonymous_reply_count":0,"_bbp_topic_count_hidden":0,"_bbp_reply_count_hidden":0,"_bbp_forum_subforum_count":0,"footnotes":""},"categories":[167,1,29],"tags":[],"class_list":["post-20644","post","type-post","status-publish","format-standard","has-post-thumbnail","hentry","category-eso","category-general","category-portada"],"post_mailing_queue_ids":[],"_links":{"self":[{"href":"https:\/\/agora.xtec.cat\/iecadaques\/wp-json\/wp\/v2\/posts\/20644","targetHints":{"allow":["GET"]}}],"collection":[{"href":"https:\/\/agora.xtec.cat\/iecadaques\/wp-json\/wp\/v2\/posts"}],"about":[{"href":"https:\/\/agora.xtec.cat\/iecadaques\/wp-json\/wp\/v2\/types\/post"}],"author":[{"embeddable":true,"href":"https:\/\/agora.xtec.cat\/iecadaques\/wp-json\/wp\/v2\/users\/1"}],"replies":[{"embeddable":true,"href":"https:\/\/agora.xtec.cat\/iecadaques\/wp-json\/wp\/v2\/comments?post=20644"}],"version-history":[{"count":3,"href":"https:\/\/agora.xtec.cat\/iecadaques\/wp-json\/wp\/v2\/posts\/20644\/revisions"}],"predecessor-version":[{"id":20660,"href":"https:\/\/agora.xtec.cat\/iecadaques\/wp-json\/wp\/v2\/posts\/20644\/revisions\/20660"}],"wp:featuredmedia":[{"embeddable":true,"href":"https:\/\/agora.xtec.cat\/iecadaques\/wp-json\/wp\/v2\/media\/20646"}],"wp:attachment":[{"href":"https:\/\/agora.xtec.cat\/iecadaques\/wp-json\/wp\/v2\/media?parent=20644"}],"wp:term":[{"taxonomy":"category","embeddable":true,"href":"https:\/\/agora.xtec.cat\/iecadaques\/wp-json\/wp\/v2\/categories?post=20644"},{"taxonomy":"post_tag","embeddable":true,"href":"https:\/\/agora.xtec.cat\/iecadaques\/wp-json\/wp\/v2\/tags?post=20644"}],"curies":[{"name":"wp","href":"https:\/\/api.w.org\/{rel}","templated":true}]}}