{"id":20319,"date":"2020-11-06T10:52:14","date_gmt":"2020-11-06T09:52:14","guid":{"rendered":"https:\/\/agora.xtec.cat\/iecadaques\/?p=20319"},"modified":"2020-11-16T09:55:26","modified_gmt":"2020-11-16T08:55:26","slug":"collaboracio-de-lalumnat-de-secundaria-amb-la-castanyada","status":"publish","type":"post","link":"https:\/\/agora.xtec.cat\/iecadaques\/general\/collaboracio-de-lalumnat-de-secundaria-amb-la-castanyada\/","title":{"rendered":"Col\u00b7laboraci\u00f3 de l&#8217;alumnat de Secund\u00e0ria amb la Castanyada"},"content":{"rendered":"<p><span style=\"font-weight: 400;\">La setmana passada, coincidint amb la Castanyada, voluntaris de 1r d\u2019ESO van llegir el conte de <\/span><i><span style=\"font-weight: 400;\">La vella castanyera<\/span><\/i><span style=\"font-weight: 400;\"> per als alumnes d\u2019Infantil i Prim\u00e0ria i\u00a0<\/span><span style=\"font-weight: 400;\">un altre grup va cantar una can\u00e7\u00f3 en angl\u00e8s.\u00a0\u00a0<\/span><span style=\"font-weight: 400;\"><br \/>\n<\/span><\/p>\n<p><span style=\"font-weight: 400;\">Per una altra banda, els alumnes de tercer van recitar dos poemes relacionats amb la tardor.\u00a0<\/span><\/p>\n<p><span style=\"font-weight: 400;\">Ens vam haver d\u2019adaptar a les circumst\u00e0ncies actuals i per aix\u00f2 vam utilitzar les noves tecnologies per a qu\u00e8 els m\u00e9s petitons\u00a0 poguessin gaudir d\u2019aquestes activitats des de l\u2019aula.\u00a0<\/span><\/p>\n<p>&nbsp;<\/p>\n<p>Aqu\u00ed teniu els enlla\u00e7os:<\/p>\n<div>La vella castanyera (conte llegit per alumnes de 1r d&#8217;ESO):\u00a0<a href=\"https:\/\/youtu.be\/T2Jn3MrJBuI\" target=\"_blank\" rel=\"noopener noreferrer\" data-saferedirecturl=\"https:\/\/www.google.com\/url?q=https:\/\/youtu.be\/T2Jn3MrJBuI&amp;source=gmail&amp;ust=1604740493414000&amp;usg=AFQjCNH69OGQmqg6SlyFTdizcupgvYAVBw\">https:\/\/youtu.be\/<wbr \/>T2Jn3MrJBuI<\/a><\/div>\n<div><\/div>\n<div><\/div>\n<div>Chestnut (can\u00e7\u00f3 en angl\u00e8s alumnes de 1r d&#8217;ESO):\u00a0<a href=\"https:\/\/youtu.be\/MyC-_dBGY48\" target=\"_blank\" rel=\"noopener noreferrer\" data-saferedirecturl=\"https:\/\/www.google.com\/url?q=https:\/\/youtu.be\/MyC-_dBGY48&amp;source=gmail&amp;ust=1604740493414000&amp;usg=AFQjCNE5wXUdgc-IoKLYWNr03Gn_5iX9Uw\">https:\/\/youtu.be\/MyC-_<wbr \/>dBGY48<\/a><\/div>\n<div><\/div>\n<div><\/div>\n<div>La can\u00e7\u00f3 de la tardor (recitada per alumnes de 3r d&#8217;ESO):<a href=\"https:\/\/youtu.be\/gGODgIyhJ6A\" target=\"_blank\" rel=\"noopener noreferrer\" data-saferedirecturl=\"https:\/\/www.google.com\/url?q=https:\/\/youtu.be\/gGODgIyhJ6A&amp;source=gmail&amp;ust=1604740493414000&amp;usg=AFQjCNFUYqHn35nKbkAZOQcMFc_OQVdGpw\">\u00a0https:\/\/youtu.be\/<wbr \/>gGODgIyhJ6A<\/a><\/div>\n<div><\/div>\n<div><\/div>\n<div>La tardor (poema recitat per alumnes de 3r d&#8217;ESO):\u00a0<a href=\"https:\/\/youtu.be\/k9VIJujUegc\" target=\"_blank\" rel=\"noopener noreferrer\" data-saferedirecturl=\"https:\/\/www.google.com\/url?q=https:\/\/youtu.be\/k9VIJujUegc&amp;source=gmail&amp;ust=1604740493414000&amp;usg=AFQjCNErGaIjyRxJsoPaCnmCAt-dQ_-pQw\">https:\/\/youtu.be\/<wbr \/>k9VIJujUegc<\/a><\/div>\n<p><a href=\"https:\/\/agora.xtec.cat\/iecadaques\/wp-content\/uploads\/usu1969\/2020\/11\/IMG_5217-min-1.jpg\"><img loading=\"lazy\" decoding=\"async\" class=\"alignnone size-large wp-image-20336\" src=\"https:\/\/agora.xtec.cat\/iecadaques\/wp-content\/uploads\/usu1969\/2020\/11\/IMG_5217-min-1-1024x768.jpg\" alt=\"\" width=\"1024\" height=\"768\" srcset=\"https:\/\/agora.xtec.cat\/iecadaques\/wp-content\/uploads\/usu1969\/2020\/11\/IMG_5217-min-1-1024x768.jpg 1024w, https:\/\/agora.xtec.cat\/iecadaques\/wp-content\/uploads\/usu1969\/2020\/11\/IMG_5217-min-1-300x225.jpg 300w, https:\/\/agora.xtec.cat\/iecadaques\/wp-content\/uploads\/usu1969\/2020\/11\/IMG_5217-min-1-768x576.jpg 768w, https:\/\/agora.xtec.cat\/iecadaques\/wp-content\/uploads\/usu1969\/2020\/11\/IMG_5217-min-1-200x150.jpg 200w\" sizes=\"auto, (max-width: 1024px) 100vw, 1024px\" \/><\/a> <a href=\"https:\/\/agora.xtec.cat\/iecadaques\/wp-content\/uploads\/usu1969\/2020\/11\/IMG_5216-min-1.jpg\"><img loading=\"lazy\" decoding=\"async\" class=\"alignnone size-large wp-image-20335\" src=\"https:\/\/agora.xtec.cat\/iecadaques\/wp-content\/uploads\/usu1969\/2020\/11\/IMG_5216-min-1-768x1024.jpg\" alt=\"\" width=\"768\" height=\"1024\" srcset=\"https:\/\/agora.xtec.cat\/iecadaques\/wp-content\/uploads\/usu1969\/2020\/11\/IMG_5216-min-1-768x1024.jpg 768w, https:\/\/agora.xtec.cat\/iecadaques\/wp-content\/uploads\/usu1969\/2020\/11\/IMG_5216-min-1-225x300.jpg 225w\" sizes=\"auto, (max-width: 768px) 100vw, 768px\" \/><\/a> <a href=\"https:\/\/agora.xtec.cat\/iecadaques\/wp-content\/uploads\/usu1969\/2020\/11\/IMG_5215-min-1.jpg\"><img loading=\"lazy\" decoding=\"async\" class=\"alignnone size-large wp-image-20334\" src=\"https:\/\/agora.xtec.cat\/iecadaques\/wp-content\/uploads\/usu1969\/2020\/11\/IMG_5215-min-1-1024x768.jpg\" alt=\"\" width=\"1024\" height=\"768\" srcset=\"https:\/\/agora.xtec.cat\/iecadaques\/wp-content\/uploads\/usu1969\/2020\/11\/IMG_5215-min-1-1024x768.jpg 1024w, https:\/\/agora.xtec.cat\/iecadaques\/wp-content\/uploads\/usu1969\/2020\/11\/IMG_5215-min-1-300x225.jpg 300w, https:\/\/agora.xtec.cat\/iecadaques\/wp-content\/uploads\/usu1969\/2020\/11\/IMG_5215-min-1-768x576.jpg 768w, https:\/\/agora.xtec.cat\/iecadaques\/wp-content\/uploads\/usu1969\/2020\/11\/IMG_5215-min-1-200x150.jpg 200w\" sizes=\"auto, (max-width: 1024px) 100vw, 1024px\" \/><\/a> <a href=\"https:\/\/agora.xtec.cat\/iecadaques\/wp-content\/uploads\/usu1969\/2020\/11\/IMG_5214-min-1.jpg\"><img loading=\"lazy\" decoding=\"async\" class=\"alignnone size-large wp-image-20333\" src=\"https:\/\/agora.xtec.cat\/iecadaques\/wp-content\/uploads\/usu1969\/2020\/11\/IMG_5214-min-1-768x1024.jpg\" alt=\"\" width=\"768\" height=\"1024\" srcset=\"https:\/\/agora.xtec.cat\/iecadaques\/wp-content\/uploads\/usu1969\/2020\/11\/IMG_5214-min-1-768x1024.jpg 768w, https:\/\/agora.xtec.cat\/iecadaques\/wp-content\/uploads\/usu1969\/2020\/11\/IMG_5214-min-1-225x300.jpg 225w\" sizes=\"auto, (max-width: 768px) 100vw, 768px\" \/><\/a> <a href=\"https:\/\/agora.xtec.cat\/iecadaques\/wp-content\/uploads\/usu1969\/2020\/11\/IMG_5213-min-1.jpg\"><img loading=\"lazy\" decoding=\"async\" class=\"alignnone size-large wp-image-20332\" src=\"https:\/\/agora.xtec.cat\/iecadaques\/wp-content\/uploads\/usu1969\/2020\/11\/IMG_5213-min-1-1024x768.jpg\" alt=\"\" width=\"1024\" height=\"768\" srcset=\"https:\/\/agora.xtec.cat\/iecadaques\/wp-content\/uploads\/usu1969\/2020\/11\/IMG_5213-min-1-1024x768.jpg 1024w, https:\/\/agora.xtec.cat\/iecadaques\/wp-content\/uploads\/usu1969\/2020\/11\/IMG_5213-min-1-300x225.jpg 300w, https:\/\/agora.xtec.cat\/iecadaques\/wp-content\/uploads\/usu1969\/2020\/11\/IMG_5213-min-1-768x576.jpg 768w, https:\/\/agora.xtec.cat\/iecadaques\/wp-content\/uploads\/usu1969\/2020\/11\/IMG_5213-min-1-200x150.jpg 200w\" sizes=\"auto, (max-width: 1024px) 100vw, 1024px\" \/><\/a> <a href=\"https:\/\/agora.xtec.cat\/iecadaques\/wp-content\/uploads\/usu1969\/2020\/11\/IMG_5212-min-1.jpg\"><img loading=\"lazy\" decoding=\"async\" class=\"alignnone size-large wp-image-20331\" src=\"https:\/\/agora.xtec.cat\/iecadaques\/wp-content\/uploads\/usu1969\/2020\/11\/IMG_5212-min-1-1024x768.jpg\" alt=\"\" width=\"1024\" height=\"768\" srcset=\"https:\/\/agora.xtec.cat\/iecadaques\/wp-content\/uploads\/usu1969\/2020\/11\/IMG_5212-min-1-1024x768.jpg 1024w, https:\/\/agora.xtec.cat\/iecadaques\/wp-content\/uploads\/usu1969\/2020\/11\/IMG_5212-min-1-300x225.jpg 300w, https:\/\/agora.xtec.cat\/iecadaques\/wp-content\/uploads\/usu1969\/2020\/11\/IMG_5212-min-1-768x576.jpg 768w, https:\/\/agora.xtec.cat\/iecadaques\/wp-content\/uploads\/usu1969\/2020\/11\/IMG_5212-min-1-200x150.jpg 200w\" sizes=\"auto, (max-width: 1024px) 100vw, 1024px\" \/><\/a> <a href=\"https:\/\/agora.xtec.cat\/iecadaques\/wp-content\/uploads\/usu1969\/2020\/11\/IMG_5211-min-1.jpg\"><img loading=\"lazy\" decoding=\"async\" class=\"alignnone size-large wp-image-20330\" src=\"https:\/\/agora.xtec.cat\/iecadaques\/wp-content\/uploads\/usu1969\/2020\/11\/IMG_5211-min-1-1024x768.jpg\" alt=\"\" width=\"1024\" height=\"768\" srcset=\"https:\/\/agora.xtec.cat\/iecadaques\/wp-content\/uploads\/usu1969\/2020\/11\/IMG_5211-min-1-1024x768.jpg 1024w, https:\/\/agora.xtec.cat\/iecadaques\/wp-content\/uploads\/usu1969\/2020\/11\/IMG_5211-min-1-300x225.jpg 300w, https:\/\/agora.xtec.cat\/iecadaques\/wp-content\/uploads\/usu1969\/2020\/11\/IMG_5211-min-1-768x576.jpg 768w, https:\/\/agora.xtec.cat\/iecadaques\/wp-content\/uploads\/usu1969\/2020\/11\/IMG_5211-min-1-200x150.jpg 200w\" sizes=\"auto, (max-width: 1024px) 100vw, 1024px\" \/><\/a><\/p>\n<p>&nbsp;<\/p>\n","protected":false},"excerpt":{"rendered":"<p>La setmana passada, coincidint amb la Castanyada, voluntaris de 1r d\u2019ESO van llegir el conte de La vella castanyera per als alumnes d\u2019Infantil i Prim\u00e0ria i\u00a0un altre grup va cantar una can\u00e7\u00f3 en angl\u00e8s.\u00a0\u00a0<\/p>\n<p>Per una altra banda, els alumnes de tercer van recitar dos poemes&hellip;  <a href=\"https:\/\/agora.xtec.cat\/iecadaques\/general\/collaboracio-de-lalumnat-de-secundaria-amb-la-castanyada\/\" title=\"Read Col\u00b7laboraci\u00f3 de l&#8217;alumnat de Secund\u00e0ria amb la Castanyada\">Llegeix m\u00e9s\u00bb<\/a><\/p>\n","protected":false},"author":1,"featured_media":20331,"comment_status":"closed","ping_status":"closed","sticky":false,"template":"","format":"standard","meta":{"_bbp_topic_count":0,"_bbp_reply_count":0,"_bbp_total_topic_count":0,"_bbp_total_reply_count":0,"_bbp_voice_count":0,"_bbp_anonymous_reply_count":0,"_bbp_topic_count_hidden":0,"_bbp_reply_count_hidden":0,"_bbp_forum_subforum_count":0,"footnotes":""},"categories":[167,1,29],"tags":[121,131,127,170],"class_list":["post-20319","post","type-post","status-publish","format-standard","has-post-thumbnail","hentry","category-eso","category-general","category-portada","tag-eso1","tag-eso3","tag-celebracions","tag-llengues"],"post_mailing_queue_ids":[],"_links":{"self":[{"href":"https:\/\/agora.xtec.cat\/iecadaques\/wp-json\/wp\/v2\/posts\/20319","targetHints":{"allow":["GET"]}}],"collection":[{"href":"https:\/\/agora.xtec.cat\/iecadaques\/wp-json\/wp\/v2\/posts"}],"about":[{"href":"https:\/\/agora.xtec.cat\/iecadaques\/wp-json\/wp\/v2\/types\/post"}],"author":[{"embeddable":true,"href":"https:\/\/agora.xtec.cat\/iecadaques\/wp-json\/wp\/v2\/users\/1"}],"replies":[{"embeddable":true,"href":"https:\/\/agora.xtec.cat\/iecadaques\/wp-json\/wp\/v2\/comments?post=20319"}],"version-history":[{"count":3,"href":"https:\/\/agora.xtec.cat\/iecadaques\/wp-json\/wp\/v2\/posts\/20319\/revisions"}],"predecessor-version":[{"id":20630,"href":"https:\/\/agora.xtec.cat\/iecadaques\/wp-json\/wp\/v2\/posts\/20319\/revisions\/20630"}],"wp:featuredmedia":[{"embeddable":true,"href":"https:\/\/agora.xtec.cat\/iecadaques\/wp-json\/wp\/v2\/media\/20331"}],"wp:attachment":[{"href":"https:\/\/agora.xtec.cat\/iecadaques\/wp-json\/wp\/v2\/media?parent=20319"}],"wp:term":[{"taxonomy":"category","embeddable":true,"href":"https:\/\/agora.xtec.cat\/iecadaques\/wp-json\/wp\/v2\/categories?post=20319"},{"taxonomy":"post_tag","embeddable":true,"href":"https:\/\/agora.xtec.cat\/iecadaques\/wp-json\/wp\/v2\/tags?post=20319"}],"curies":[{"name":"wp","href":"https:\/\/api.w.org\/{rel}","templated":true}]}}