{"id":18102,"date":"2020-09-04T13:45:29","date_gmt":"2020-09-04T11:45:29","guid":{"rendered":"https:\/\/agora.xtec.cat\/iecadaques\/?p=18102"},"modified":"2020-12-05T16:46:53","modified_gmt":"2020-12-05T15:46:53","slug":"pla-de-reobertura-1-de-setembre","status":"publish","type":"post","link":"https:\/\/agora.xtec.cat\/iecadaques\/general\/pla-de-reobertura-1-de-setembre\/","title":{"rendered":"Pla de Reobertura de Setembre"},"content":{"rendered":"<p>Aquest pla de reobertura \u00e9s un document viu que s&#8217;anir\u00e0 actualitzant aix\u00ed que hi hagi nous comunicats del Departament de Salut o d&#8217;Educaci\u00f3: <a href=\"https:\/\/drive.google.com\/drive\/folders\/1JyBfwE3ivUSOnYFHhxNxXUnNiBh51UnE?usp=sharing\">Enlla\u00e7 al PLA DE REOBERTURA<\/a><\/p>\n","protected":false},"excerpt":{"rendered":"<p>Aquest pla de reobertura \u00e9s un document viu que s&#8217;anir\u00e0 actualitzant aix\u00ed que hi hagi nous comunicats del Departament de Salut o d&#8217;Educaci\u00f3: <a href=\"https:\/\/drive.google.com\/drive\/folders\/1JyBfwE3ivUSOnYFHhxNxXUnNiBh51UnE?usp=sharing\">Enlla\u00e7 al PLA DE REOBERTURA<\/a><\/p>\n","protected":false},"author":1,"featured_media":0,"comment_status":"closed","ping_status":"closed","sticky":false,"template":"","format":"standard","meta":{"_bbp_topic_count":0,"_bbp_reply_count":0,"_bbp_total_topic_count":0,"_bbp_total_reply_count":0,"_bbp_voice_count":0,"_bbp_anonymous_reply_count":0,"_bbp_topic_count_hidden":0,"_bbp_reply_count_hidden":0,"_bbp_forum_subforum_count":0,"footnotes":""},"categories":[1],"tags":[142,45,105],"class_list":["post-18102","post","type-post","status-publish","format-standard","hentry","category-general","tag-avisos","tag-covid","tag-inicicurs"],"post_mailing_queue_ids":[],"_links":{"self":[{"href":"https:\/\/agora.xtec.cat\/iecadaques\/wp-json\/wp\/v2\/posts\/18102","targetHints":{"allow":["GET"]}}],"collection":[{"href":"https:\/\/agora.xtec.cat\/iecadaques\/wp-json\/wp\/v2\/posts"}],"about":[{"href":"https:\/\/agora.xtec.cat\/iecadaques\/wp-json\/wp\/v2\/types\/post"}],"author":[{"embeddable":true,"href":"https:\/\/agora.xtec.cat\/iecadaques\/wp-json\/wp\/v2\/users\/1"}],"replies":[{"embeddable":true,"href":"https:\/\/agora.xtec.cat\/iecadaques\/wp-json\/wp\/v2\/comments?post=18102"}],"version-history":[{"count":4,"href":"https:\/\/agora.xtec.cat\/iecadaques\/wp-json\/wp\/v2\/posts\/18102\/revisions"}],"predecessor-version":[{"id":20118,"href":"https:\/\/agora.xtec.cat\/iecadaques\/wp-json\/wp\/v2\/posts\/18102\/revisions\/20118"}],"wp:attachment":[{"href":"https:\/\/agora.xtec.cat\/iecadaques\/wp-json\/wp\/v2\/media?parent=18102"}],"wp:term":[{"taxonomy":"category","embeddable":true,"href":"https:\/\/agora.xtec.cat\/iecadaques\/wp-json\/wp\/v2\/categories?post=18102"},{"taxonomy":"post_tag","embeddable":true,"href":"https:\/\/agora.xtec.cat\/iecadaques\/wp-json\/wp\/v2\/tags?post=18102"}],"curies":[{"name":"wp","href":"https:\/\/api.w.org\/{rel}","templated":true}]}}