{"id":248,"count":0,"description":"Es nostro projecte t\u00e9 per nom <em>APRENDRE I GAUDIR. <\/em>Est\u00e0 <strong>dirigit a l'alumnat de l'etapa de prim\u00e0ria i secund\u00e0ria <\/strong>i contempla accions innovadores de suport i refor\u00e7 per a la reducci\u00f3 i la prevenci\u00f3 de l\u2019abandonament escolar prematur i el foment de la igualtat d\u2019acc\u00e9s a una educaci\u00f3 de qualitat.\r\n\r\nPrograma finan\u00e7at pel Ministeri d\u2019Educaci\u00f3 i Formaci\u00f3 Professional i cofinan\u00e7at pel Fons Social Europeu.\r\n\r\n<object style=\"width: 800px; height: 600px;\" data=\"https:\/\/docs.google.com\/gview?embedded=true&url=https:\/\/agora.xtec.cat\/iecadaques\/wp-content\/uploads\/usu1969\/2021\/01\/Difusio-POEFA.pdf\" width=\"300\" height=\"150\"><\/object>","link":"https:\/\/agora.xtec.cat\/iecadaques\/categoria\/poefa\/","name":"Projectes amb oportunitats d\u2019\u00e8xit educatiu a favor de l\u2019alumnat","slug":"poefa","taxonomy":"category","parent":0,"meta":[],"_links":{"self":[{"href":"https:\/\/agora.xtec.cat\/iecadaques\/wp-json\/wp\/v2\/categories\/248","targetHints":{"allow":["GET"]}}],"collection":[{"href":"https:\/\/agora.xtec.cat\/iecadaques\/wp-json\/wp\/v2\/categories"}],"about":[{"href":"https:\/\/agora.xtec.cat\/iecadaques\/wp-json\/wp\/v2\/taxonomies\/category"}],"wp:post_type":[{"href":"https:\/\/agora.xtec.cat\/iecadaques\/wp-json\/wp\/v2\/posts?categories=248"}],"curies":[{"name":"wp","href":"https:\/\/api.w.org\/{rel}","templated":true}]}}