{"id":247,"count":0,"description":"<h2 style=\"text-align: center;\"><a href=\"https:\/\/triaeducativa.gencat.cat\/ca\/inici\/\"><img class=\"aligncenter\" src=\"https:\/\/triaeducativa.gencat.cat\/web\/.content\/Subcapcalera\/subcapcalera-inici.png\" alt=\"TRIA EDUCATIVA\" width=\"430\" height=\"84\" \/><\/a><\/h2>\r\n<h1 style=\"text-align: center;\"><a href=\"https:\/\/triaeducativa.gencat.cat\/ca\/orientacio\/\"><strong>ORIENTACI\u00d3 ACAD\u00c8MICA i PROFESSIONAL<\/strong><\/a><\/h1>\r\n<strong>Tens dubtes sobre el teu futur i no saps com resoldre'ls? <a href=\"https:\/\/www.educaweb.cat\/continguts\/educatius\/\">EDUCAWEB.CAT <\/a><\/strong>trobar\u00e0s informaci\u00f3 i continguts sobre el m\u00f3n educatiu i de la formaci\u00f3\u00a0que esperem et siguin d'utilitat\r\n\r\nTria Educativa:\r\n<ul>\r\n \t<li><a href=\"https:\/\/educacio.gencat.cat\/ca\/serveis-tramits\/salo-ensenyament\/\">SAL\u00d3 DE L'ENSENYAMENT 2023<\/a><\/li>\r\n<\/ul>\r\n<table style=\"border-collapse: collapse; width: 100%;\">\r\n<tbody>\r\n<tr>\r\n<td style=\"width: 531.2px;\">\r\n<p style=\"text-align: left;\"><a href=\"https:\/\/educacio.gencat.cat\/web\/.content\/home\/serveis-tramits\/salo-ensenyament\/visita-salo\/diari-ensenyament.pdf\">sal\u00f3 de l'ensenyament 2023 pdf<\/a><\/p>\r\n<\/td>\r\n<\/tr>\r\n<\/tbody>\r\n<\/table>\r\n<ul>\r\n \t<li><a href=\"https:\/\/www.salodelsoficis.cat\/\">SAL\u00d3 DELS OFICIS 2023<\/a><\/li>\r\n<\/ul>\r\n<table style=\"border-collapse: collapse; width: 100%;\">\r\n<tbody>\r\n<tr>\r\n<td style=\"width: 100%;\">21, 22 i 23 mar\u00e7 de 2023\u00a0 \u00a0 |\u00a0 \u00a0 Castell de Sant Ferran \u00a0 \u00a0 |\u00a0 \u00a0Figueres<\/td>\r\n<\/tr>\r\n<\/tbody>\r\n<\/table>\r\n<ul>\r\n \t<li><a href=\"https:\/\/expojove.firagirona.com\/\">EXPOJOVE 2023<\/a><\/li>\r\n<\/ul>\r\n<table style=\"border-collapse: collapse; width: 100%;\">\r\n<tbody>\r\n<tr>\r\n<td style=\"width: 100%;\">Del 29 al 31 de mar\u00e7 \u00a0 |\u00a0 \u00a0Girona<\/td>\r\n<\/tr>\r\n<\/tbody>\r\n<\/table>\r\n<ul>\r\n \t<li><a href=\"https:\/\/xtec.gencat.cat\/ca\/curriculum\/professionals\/curriculum_ense_prof_esport\/curriculum_ense_prof_esport_orientacio_academica_professional\/\">ENSENYAMENT ESPORTIU<\/a>: <span style=\"font-family: inherit; font-size: 1em;\">El Departament d'Educaci\u00f3 convoca la prova d'acc\u00e9s de car\u00e0cter general als cicles de grau mitj\u00e0 d'ensenyaments esportius per a les persones que no tenen el t\u00edtol de graduat en educaci\u00f3 secund\u00e0ria obligat\u00f2ria (o un altre d'equivalent a efectes d'acc\u00e9s a aquests ensenyaments).<\/span><\/li>\r\n<\/ul>\r\n<table style=\"border-collapse: collapse; width: 100%;\">\r\n<tbody>\r\n<tr>\r\n<td style=\"width: 100%;\"><a href=\"https:\/\/educacio.gencat.cat\/ca\/serveis-tramits\/proves\/proves-acces\/gm-esportius\/\">Ensenyaments esportius. Grau mitj\u00e0 (prova general) 2023<\/a><\/td>\r\n<\/tr>\r\n<tr>\r\n<td style=\"width: 100%;\">\r\n<ul>\r\n \t<li>Per inscriure's a les proves cal tenir\u00a017 anys\u00a0o m\u00e9s (o complir-los l'any 2023).<\/li>\r\n<\/ul>\r\n<\/td>\r\n<\/tr>\r\n<tr>\r\n<td style=\"width: 100%;\">\r\n<ul>\r\n \t<li>No poden inscriure's a les proves les persones que tenen la titulaci\u00f3 acad\u00e8mica o els ensenyaments que permeten l'acc\u00e9s directe als cicles formatius de grau mitj\u00e0 (ESO o equivalent).<\/li>\r\n<\/ul>\r\n<\/td>\r\n<\/tr>\r\n<\/tbody>\r\n<\/table>\r\n&nbsp;","link":"https:\/\/agora.xtec.cat\/iecadaques\/categoria\/orientacio\/","name":"Orientaci\u00f3 acad\u00e8mica i professional","slug":"orientacio","taxonomy":"category","parent":0,"meta":[],"_links":{"self":[{"href":"https:\/\/agora.xtec.cat\/iecadaques\/wp-json\/wp\/v2\/categories\/247","targetHints":{"allow":["GET"]}}],"collection":[{"href":"https:\/\/agora.xtec.cat\/iecadaques\/wp-json\/wp\/v2\/categories"}],"about":[{"href":"https:\/\/agora.xtec.cat\/iecadaques\/wp-json\/wp\/v2\/taxonomies\/category"}],"wp:post_type":[{"href":"https:\/\/agora.xtec.cat\/iecadaques\/wp-json\/wp\/v2\/posts?categories=247"}],"curies":[{"name":"wp","href":"https:\/\/api.w.org\/{rel}","templated":true}]}}