{"id":236,"count":0,"description":"<h1>Qui som<\/h1>\r\n<p style=\"text-align: justify;\">L'equip impulsor de l'espai de bliblioteca del centre aix\u00ed com del seu projecte educatiu es coordina peri\u00f2dicament a trav\u00e9s de la comissi\u00f3 de biblioteca per tal de dinamitzar les accions programades durant el curs. Ben aviat podr\u00e0s coneixe'n es seus membres!<\/p>\r\n<p style=\"text-align: justify;\">D'altra banda, en horari extraescolar, la bibliotec\u00e0ria \u00e9s qui s'encarrega de vetllar pel bon funcionament de l'espai i des serveis que s'hi ofereixen. En el context municipal que tenim, en el qual no gaudim de biblioteca municipal, l'ajuntament garanteix l'obertura d'aquest servei al p\u00fablic en horari extraescolar.<\/p>","link":"https:\/\/agora.xtec.cat\/iecadaques\/categoria\/biblioteca\/qui-som\/","name":"Qui som","slug":"qui-som","taxonomy":"category","parent":197,"meta":[],"_links":{"self":[{"href":"https:\/\/agora.xtec.cat\/iecadaques\/wp-json\/wp\/v2\/categories\/236","targetHints":{"allow":["GET"]}}],"collection":[{"href":"https:\/\/agora.xtec.cat\/iecadaques\/wp-json\/wp\/v2\/categories"}],"about":[{"href":"https:\/\/agora.xtec.cat\/iecadaques\/wp-json\/wp\/v2\/taxonomies\/category"}],"up":[{"embeddable":true,"href":"https:\/\/agora.xtec.cat\/iecadaques\/wp-json\/wp\/v2\/categories\/197"}],"wp:post_type":[{"href":"https:\/\/agora.xtec.cat\/iecadaques\/wp-json\/wp\/v2\/posts?categories=236"}],"curies":[{"name":"wp","href":"https:\/\/api.w.org\/{rel}","templated":true}]}}