{"id":223,"count":1,"description":"<h1>Intercanvi de llibres de Sant Jordi<\/h1>\r\n<p style=\"text-align: justify;\">Cada any per la diada de Sant Jordi, l'alumnat d'educaci\u00f3 infantil i prim\u00e0ria celebra una nova edici\u00f3 de l'Intercanvi de llibres.<\/p>\r\n<p style=\"text-align: justify;\">Els participants aporten un llibre usat en bon estat per tal de donar-li una nova vida i, a canvi, li dona una nova casa al llibre d'un company o companya.<\/p>\r\n<p style=\"text-align: justify;\">Aquesta activitat s'emmarca tamb\u00e9 en el projecte d'Escola Verda.<\/p>","link":"https:\/\/agora.xtec.cat\/iecadaques\/categoria\/biblioteca\/intercanvillibres\/","name":"Intercanvi de llibres de Sant Jordi","slug":"intercanvillibres","taxonomy":"category","parent":197,"meta":[],"_links":{"self":[{"href":"https:\/\/agora.xtec.cat\/iecadaques\/wp-json\/wp\/v2\/categories\/223","targetHints":{"allow":["GET"]}}],"collection":[{"href":"https:\/\/agora.xtec.cat\/iecadaques\/wp-json\/wp\/v2\/categories"}],"about":[{"href":"https:\/\/agora.xtec.cat\/iecadaques\/wp-json\/wp\/v2\/taxonomies\/category"}],"up":[{"embeddable":true,"href":"https:\/\/agora.xtec.cat\/iecadaques\/wp-json\/wp\/v2\/categories\/197"}],"wp:post_type":[{"href":"https:\/\/agora.xtec.cat\/iecadaques\/wp-json\/wp\/v2\/posts?categories=223"}],"curies":[{"name":"wp","href":"https:\/\/api.w.org\/{rel}","templated":true}]}}