{"id":214,"count":0,"description":"<h1>Regals de lectura<\/h1>\r\n<p style=\"text-align: justify;\"><span style=\"color: #373737; font-family: 'Helvetica Neue', Helvetica, Arial, sans-serif; font-size: 15px; background-color: #ffffff;\">Sensibilitzem i responsabilitzem l\u2019alumnat del centre envers el goig per la lectura mitjan\u00e7ant la creaci\u00f3, lectura i interpretaci\u00f3 de contes a l\u2019alumnat d'etapes inferiors. A trav\u00e9s d\u2019aquestes activitats, vinculem les diverses etapes educatives i establim lla\u00e7os entre centres educatius municipals, refor\u00e7ant les habilitats comunicatives de l'alumnat.<\/span><\/p>\r\n\r\n<h5>Regals de lectura<\/h5>\r\n<p style=\"text-align: justify;\"><span style=\"color: #373737; font-family: 'Helvetica Neue', Helvetica, Arial, sans-serif; font-size: 15px; background-color: #ffffff;\">Mitjan\u00e7ant aquesta activitat, l<\/span><span style=\"color: #373737; font-family: 'Helvetica Neue', Helvetica, Arial, sans-serif; font-size: 15px; background-color: #ffffff;\">'<\/span><span style=\"color: #373737; font-family: 'Helvetica Neue', Helvetica, Arial, sans-serif; font-size: 15px; background-color: #ffffff;\">alumnat de secund\u00e0ria, el m\u00e9s gran del centre, elabora i llegeix textos propis as nens i nenes de prim\u00e0ria.<\/span><\/p>\r\n\r\n<h5>Regals de lectura pes m\u00e9s menuts<\/h5>\r\n<p style=\"text-align: justify;\"><span style=\"color: #373737; font-family: 'Helvetica Neue', Helvetica, Arial, sans-serif; font-size: 15px; background-color: #ffffff;\">Amb aquesta proposta, l'alumnat de cicle superior, llegeix i escenifica relats a l'alumnat de cicle inicial, d'educaci\u00f3 infantil i la llar d'infants Es Papanell.<\/span><\/p>","link":"https:\/\/agora.xtec.cat\/iecadaques\/categoria\/biblioteca\/regalslectura\/","name":"Regals de lectura","slug":"regalslectura","taxonomy":"category","parent":197,"meta":[],"_links":{"self":[{"href":"https:\/\/agora.xtec.cat\/iecadaques\/wp-json\/wp\/v2\/categories\/214","targetHints":{"allow":["GET"]}}],"collection":[{"href":"https:\/\/agora.xtec.cat\/iecadaques\/wp-json\/wp\/v2\/categories"}],"about":[{"href":"https:\/\/agora.xtec.cat\/iecadaques\/wp-json\/wp\/v2\/taxonomies\/category"}],"up":[{"embeddable":true,"href":"https:\/\/agora.xtec.cat\/iecadaques\/wp-json\/wp\/v2\/categories\/197"}],"wp:post_type":[{"href":"https:\/\/agora.xtec.cat\/iecadaques\/wp-json\/wp\/v2\/posts?categories=214"}],"curies":[{"name":"wp","href":"https:\/\/api.w.org\/{rel}","templated":true}]}}