{"id":213,"count":0,"description":"<h1>Premi de narrativa period\u00edstica<\/h1>\r\n<p style=\"text-align: justify;\">Aquesta iniciativa \u00e9s fruit del treball col\u00b7laboratiu entre el Setmanari de l\u2019Alt Empord\u00e0 i el Servei Educatiu i es convoca amb l\u2019objectiu de fomentar i\u00a0promoure el gust per l\u2019escriptura a l'alumnat de 6\u00e8 de prim\u00e0ria de tota la comarca.<\/p>\r\n<p style=\"text-align: justify;\">Al concurs hi participa un\/a alumne\/a per cada grup de 6\u00e8, pr\u00e8via selecci\u00f3 a partir del treball realitzat a l'aula.<\/p>\r\n<p style=\"text-align: justify;\">La trobada es realitza en dissabte\u00a0al Servei Educatiu de l\u2019Alt Empord\u00e0 (aquest aspecte podria variar en funci\u00f3 de l'estat d'emerg\u00e8ncia per covid19).<\/p>","link":"https:\/\/agora.xtec.cat\/iecadaques\/categoria\/biblioteca\/narrativa\/","name":"Premi de narrativa period\u00edstica","slug":"narrativa","taxonomy":"category","parent":197,"meta":[],"_links":{"self":[{"href":"https:\/\/agora.xtec.cat\/iecadaques\/wp-json\/wp\/v2\/categories\/213","targetHints":{"allow":["GET"]}}],"collection":[{"href":"https:\/\/agora.xtec.cat\/iecadaques\/wp-json\/wp\/v2\/categories"}],"about":[{"href":"https:\/\/agora.xtec.cat\/iecadaques\/wp-json\/wp\/v2\/taxonomies\/category"}],"up":[{"embeddable":true,"href":"https:\/\/agora.xtec.cat\/iecadaques\/wp-json\/wp\/v2\/categories\/197"}],"wp:post_type":[{"href":"https:\/\/agora.xtec.cat\/iecadaques\/wp-json\/wp\/v2\/posts?categories=213"}],"curies":[{"name":"wp","href":"https:\/\/api.w.org\/{rel}","templated":true}]}}