{"id":212,"count":1,"description":"<h1><a href=\"https:\/\/agora.xtec.cat\/iecadaques\/wp-content\/uploads\/usu1969\/2020\/11\/Captura-de-pantalla-2020-06-15-a-las-17.16.15.png\"><img class=\"alignnone size-full wp-image-20160 alignright\" src=\"https:\/\/agora.xtec.cat\/iecadaques\/wp-content\/uploads\/usu1969\/2020\/11\/Captura-de-pantalla-2020-06-15-a-las-17.16.15.png\" alt=\"\" width=\"371\" height=\"162\" \/><\/a><\/h1>\r\n<h1 style=\"text-align: left;\">Certamen de lectura en veu alta<\/h1>\r\n<p style=\"text-align: justify;\">Aquesta activitat est\u00e0 dirigida l'alumnat de cicle mitj\u00e0, cicle superior i secund\u00e0ria.<\/p>\r\n<p style=\"text-align: justify;\">A partir del treball d'aula, se seleccionen ses alumnes finalistes que participen a la semifinal. En algunes ocasions, tenim la sort de ser escollits pel jurat per tal de participar en la final territorial. Ses escoles que arriben a aquesta fase, a partir d'aquest curs 20\/21, ho celebren a la Festa de la Lectura, on es realitza el lliurament de premis a l'alumnat i centres guanyadors dels 10 \u00e0mbits territorials.<\/p>\r\n<a href=\"https:\/\/www.lecturaenveualta.cat\/eines\/\">EINES<\/a> <a href=\"https:\/\/agora.xtec.cat\/iecadaques\/wp-content\/uploads\/usu1969\/2020\/11\/xinxeta.png\"><img class=\"alignnone wp-image-20069\" src=\"https:\/\/agora.xtec.cat\/iecadaques\/wp-content\/uploads\/usu1969\/2020\/11\/xinxeta-150x150.png\" alt=\"icone d'una xinxeta\" width=\"25\" height=\"25\" \/><\/a> \u00a0 \u00a0 \u00a0<a href=\"https:\/\/www.lecturaenveualta.cat\/recursos-2\/\">RECURSOS<\/a> <a href=\"https:\/\/agora.xtec.cat\/iecadaques\/wp-content\/uploads\/usu1969\/2020\/11\/xinxeta.png\"><img class=\"alignnone wp-image-20069\" src=\"https:\/\/agora.xtec.cat\/iecadaques\/wp-content\/uploads\/usu1969\/2020\/11\/xinxeta-150x150.png\" alt=\"icone d'una xinxeta\" width=\"25\" height=\"25\" \/><\/a> \u00a0\u00a0 \u00a0\u00a0<a href=\"https:\/\/www.lecturaenveualta.cat\/la-lectura-en-veu-alta\/\">CONSELLS<\/a> <a href=\"https:\/\/agora.xtec.cat\/iecadaques\/wp-content\/uploads\/usu1969\/2020\/11\/xinxeta.png\"><img class=\"alignnone wp-image-20069\" src=\"https:\/\/agora.xtec.cat\/iecadaques\/wp-content\/uploads\/usu1969\/2020\/11\/xinxeta-150x150.png\" alt=\"icone d'una xinxeta\" width=\"25\" height=\"25\" \/><\/a>","link":"https:\/\/agora.xtec.cat\/iecadaques\/categoria\/biblioteca\/lva\/","name":"Certamen de lectura en veu alta","slug":"lva","taxonomy":"category","parent":197,"meta":[],"_links":{"self":[{"href":"https:\/\/agora.xtec.cat\/iecadaques\/wp-json\/wp\/v2\/categories\/212","targetHints":{"allow":["GET"]}}],"collection":[{"href":"https:\/\/agora.xtec.cat\/iecadaques\/wp-json\/wp\/v2\/categories"}],"about":[{"href":"https:\/\/agora.xtec.cat\/iecadaques\/wp-json\/wp\/v2\/taxonomies\/category"}],"up":[{"embeddable":true,"href":"https:\/\/agora.xtec.cat\/iecadaques\/wp-json\/wp\/v2\/categories\/197"}],"wp:post_type":[{"href":"https:\/\/agora.xtec.cat\/iecadaques\/wp-json\/wp\/v2\/posts?categories=212"}],"curies":[{"name":"wp","href":"https:\/\/api.w.org\/{rel}","templated":true}]}}