{"id":211,"count":2,"description":"Promovem una alimentaci\u00f3 sana i equilibrada proporcionant fruites i hortalisses a l\u2019alumnat\u00a0a l\u2019hora d\u2019esmorzar o berenar dins del recinte escolar entre 3 i 4 dies\u00a0cada mes i de forma gratu\u00efta a trav\u00e9s del programa del Departament d\u2019Ensenyament. Aquesta iniciativa permet que els infants m\u00e9s petits experimentin i tastin aliments variats i descobreixin nous sabors aix\u00ed com en fomenta el consum amb es nens i nenes m\u00e9s grans.","link":"https:\/\/agora.xtec.cat\/iecadaques\/categoria\/salut\/mengemfruita\/","name":"Mengem fruita i hortalisses","slug":"mengemfruita","taxonomy":"category","parent":221,"meta":[],"_links":{"self":[{"href":"https:\/\/agora.xtec.cat\/iecadaques\/wp-json\/wp\/v2\/categories\/211","targetHints":{"allow":["GET"]}}],"collection":[{"href":"https:\/\/agora.xtec.cat\/iecadaques\/wp-json\/wp\/v2\/categories"}],"about":[{"href":"https:\/\/agora.xtec.cat\/iecadaques\/wp-json\/wp\/v2\/taxonomies\/category"}],"up":[{"embeddable":true,"href":"https:\/\/agora.xtec.cat\/iecadaques\/wp-json\/wp\/v2\/categories\/221"}],"wp:post_type":[{"href":"https:\/\/agora.xtec.cat\/iecadaques\/wp-json\/wp\/v2\/posts?categories=211"}],"curies":[{"name":"wp","href":"https:\/\/api.w.org\/{rel}","templated":true}]}}