{"id":210,"count":6,"description":"<h2 style=\"text-align: center;\"><strong>SERVEI COMUNITARI<\/strong><\/h2>\r\n<p style=\"text-align: center;\"><strong>Hospital Resid\u00e8ncia Geri\u00e0trica de Cadaqu\u00e9s\r\n<\/strong><\/p>\r\n<strong>L'alumnat d'ESO de l'Institut Escola Caritat Serinyana Cap de Creus<\/strong> \u00e9s protagonista del <strong>Projecte Comunitari \"Apadrina un avi\"<\/strong> amb la <strong>col\u00b7laboraci\u00f3 de C\u00e0ritas Diocesana de Girona<\/strong>.\r\n\r\nEls joves comparteixen temps i experi\u00e8ncies amb persones de la tercera edat i\u00a0 es crea una relaci\u00f3 intergeneracional enriquidora per a totes dues parts.","link":"https:\/\/agora.xtec.cat\/iecadaques\/categoria\/gentgran\/","name":"Gent gran, grans persones","slug":"gentgran","taxonomy":"category","parent":0,"meta":[],"_links":{"self":[{"href":"https:\/\/agora.xtec.cat\/iecadaques\/wp-json\/wp\/v2\/categories\/210","targetHints":{"allow":["GET"]}}],"collection":[{"href":"https:\/\/agora.xtec.cat\/iecadaques\/wp-json\/wp\/v2\/categories"}],"about":[{"href":"https:\/\/agora.xtec.cat\/iecadaques\/wp-json\/wp\/v2\/taxonomies\/category"}],"wp:post_type":[{"href":"https:\/\/agora.xtec.cat\/iecadaques\/wp-json\/wp\/v2\/posts?categories=210"}],"curies":[{"name":"wp","href":"https:\/\/api.w.org\/{rel}","templated":true}]}}