{"id":209,"count":4,"description":"Estimulem la comunicaci\u00f3 oral i escrita de l\u2019alumnat incorporant la r\u00e0dio com a mitj\u00e0 audiovisual i de comunicaci\u00f3 entre l\u2019escola i el municipi, alhora que introdu\u00efm les TAC en l\u2019aprenentatge dels nens i nenes per tal que aprenguin a desenvolupar-se en l\u2019actual societat de la informaci\u00f3 i comunicaci\u00f3. Aquest projecte es duu a terme en col\u00b7laboraci\u00f3 amb R\u00e0dio Cap de Creus.","link":"https:\/\/agora.xtec.cat\/iecadaques\/categoria\/radio\/","name":"R\u00e0dio Cap de Creus","slug":"radio","taxonomy":"category","parent":0,"meta":[],"_links":{"self":[{"href":"https:\/\/agora.xtec.cat\/iecadaques\/wp-json\/wp\/v2\/categories\/209","targetHints":{"allow":["GET"]}}],"collection":[{"href":"https:\/\/agora.xtec.cat\/iecadaques\/wp-json\/wp\/v2\/categories"}],"about":[{"href":"https:\/\/agora.xtec.cat\/iecadaques\/wp-json\/wp\/v2\/taxonomies\/category"}],"wp:post_type":[{"href":"https:\/\/agora.xtec.cat\/iecadaques\/wp-json\/wp\/v2\/posts?categories=209"}],"curies":[{"name":"wp","href":"https:\/\/api.w.org\/{rel}","templated":true}]}}