{"id":199,"count":0,"description":"&nbsp;\r\n<h3 class=\"western\"><span style=\"font-family: Arial, sans-serif;\"><span style=\"color: #000000;\"><span style=\"font-size: medium;\"><u>Qu\u00e8 \u00e9s Cant\u00e0nia?<\/u><\/span><\/span><\/span><\/h3>\r\n<p align=\"justify\"><span style=\"color: #000000;\"><span style=\"font-family: Arial, sans-serif;\"><span style=\"font-size: medium;\">El curs 1989 \u2013 1990 va n\u00e9ixer Cant\u00e0nia a partir de la voluntat de les mestres de m\u00fasica de les 9 escoles municipals de Barcelona de fer alguna activitat conjunta. L\u2019any 1997 es van afegir totes les escoles de la ciutat. L\u2019\u00e8xit va ser tal, que l\u2019any 2002 va comen\u00e7ar a implantar-se a d\u2019altres ciutats de Catalunya per a, l\u2019any 2005, comen\u00e7ar a cr\u00e9ixer arreu del m\u00f3n. Cant\u00e0nia \u00e9s una activitat participativa dirigida a escolars de cicle mitj\u00e0 i superior de prim\u00e0ria. C<\/span><\/span><\/span><span style=\"color: #000000;\"><span style=\"font-family: Arial, sans-serif;\"><span style=\"font-size: medium;\">ada temporada s\u2019encarrega una obra nova per a un gran cor de nens i nenes, a <\/span><\/span><\/span><span style=\"font-family: Arial, sans-serif;\"><span style=\"font-size: medium;\"><a href=\"http:\/\/auditoricantania.blogspot.com.es\/p\/historic.html\">compositors i escriptors catalans de reconegut prestigi<\/a>. Aquest curs 2022-2023 Cant\u00e0nia es diu \u201cLES PORTES DEL M\u00d3N\u201d amb m\u00fasica de Raquel Garc\u00eda Tom\u00e1s i text de Bernat Castany.<\/span><\/span><\/p>\r\n<p align=\"justify\"><span style=\"font-family: Arial, sans-serif;\"><span style=\"font-size: medium;\">Durant tot el curs escolar es treballa amb l\u2019objectiu d\u2019<\/span><span style=\"color: #000000;\"><span style=\"font-size: medium;\">organitzar un acte per<\/span><\/span><span style=\"font-size: medium;\"> tot l\u2019alumnat<\/span><span style=\"color: #000000;\"><span style=\"font-size: medium;\">, amb concert final al Teatre Jard\u00ed de Figueres, <\/span><\/span><span style=\"font-size: medium;\">i que<\/span><span style=\"color: #000000;\"><span style=\"font-size: medium;\"> es converteixi en una viv\u00e8ncia musical inoblidable per a tots.\u00a0<\/span><\/span><\/span><\/p>\r\n<p align=\"justify\"><span style=\"font-family: Arial, sans-serif;\"><span style=\"color: #000000;\"><span style=\"font-size: medium;\">Cant\u00e0nia vetlla per l\u2019educaci\u00f3 musical dels nens i nenes a trav\u00e9s d\u2019un cam\u00ed acompanyat de m\u00fasica, cultura i emoci\u00f3.<\/span><\/span><\/span><\/p>\r\n<p align=\"justify\"><span style=\"font-family: Arial, sans-serif;\"><span style=\"font-size: medium;\">Cada any s\u2019estrena una obra encarregada especialment per a aquesta activitat. <\/span><\/span><\/p>\r\n<img src=\"https:\/\/www.auditori.cat\/wp-content\/uploads\/noticies\/PIC2731-1-1024x682-1.jpg\" alt=\"Las puertas del mundo \u00e2\u0080\u0093 L'Auditori\" \/><a href=\"https:\/\/agora.xtec.cat\/iecadaques\/categoria\/orientacio\/expojove21\"><img width=\"100%\" \/><\/a>","link":"https:\/\/agora.xtec.cat\/iecadaques\/categoria\/cantania\/","name":"Cant\u00e0nia","slug":"cantania","taxonomy":"category","parent":0,"meta":[],"_links":{"self":[{"href":"https:\/\/agora.xtec.cat\/iecadaques\/wp-json\/wp\/v2\/categories\/199","targetHints":{"allow":["GET"]}}],"collection":[{"href":"https:\/\/agora.xtec.cat\/iecadaques\/wp-json\/wp\/v2\/categories"}],"about":[{"href":"https:\/\/agora.xtec.cat\/iecadaques\/wp-json\/wp\/v2\/taxonomies\/category"}],"wp:post_type":[{"href":"https:\/\/agora.xtec.cat\/iecadaques\/wp-json\/wp\/v2\/posts?categories=199"}],"curies":[{"name":"wp","href":"https:\/\/api.w.org\/{rel}","templated":true}]}}