{"id":198,"count":8,"description":"<h2 class=\"NG-menu__title\" style=\"text-align: center;\">XARXA D'ESCOLES VERDES<\/h2>\r\n<h6 style=\"text-align: center;\">Programa Escoles Verdes<\/h6>\r\n<a href=\"https:\/\/mediambient.gencat.cat\/ca\/05_ambits_dactuacio\/educacio_i_sostenibilitat\/educacio_per_a_la_sostenibilitat\/escoles_verdes\/\"><img class=\"aligncenter\" src=\"https:\/\/mediambient.gencat.cat\/web\/.content\/home\/ambits_dactuacio\/educacio_i_sostenibilitat\/educacio_per_a_la_sostenibilitat\/escoles_verdes\/logo-ev.jpg_1948682672.jpg\" alt=\"logo\" width=\"294\" height=\"131\" \/><\/a>\r\n\r\nFormem part del programa Escoles Verdes amb la finalitat d\u2019afrontar, des de l\u2019educaci\u00f3, els nous reptes i valors de la sostenibilitat:\r\n<ul>\r\n \t<li>Incorporar els valors de l\u2019educaci\u00f3 per a la sostenibilitat en tots els \u00e0mbits de la vida del centre (curr\u00edculum, gesti\u00f3, relacions amb l\u2019entorn, etc.).<\/li>\r\n \t<li>Promoure la participaci\u00f3 i la implicaci\u00f3 activa de la comunitat educativa en la millora del seu entorn.<\/li>\r\n \t<li>Afavorir l\u2019intercanvi entre els centres que comparteixen uns mateixos objectius.<\/li>\r\n<\/ul>","link":"https:\/\/agora.xtec.cat\/iecadaques\/categoria\/escolaverda\/","name":"Escola Verda","slug":"escolaverda","taxonomy":"category","parent":0,"meta":[],"_links":{"self":[{"href":"https:\/\/agora.xtec.cat\/iecadaques\/wp-json\/wp\/v2\/categories\/198","targetHints":{"allow":["GET"]}}],"collection":[{"href":"https:\/\/agora.xtec.cat\/iecadaques\/wp-json\/wp\/v2\/categories"}],"about":[{"href":"https:\/\/agora.xtec.cat\/iecadaques\/wp-json\/wp\/v2\/taxonomies\/category"}],"wp:post_type":[{"href":"https:\/\/agora.xtec.cat\/iecadaques\/wp-json\/wp\/v2\/posts?categories=198"}],"curies":[{"name":"wp","href":"https:\/\/api.w.org\/{rel}","templated":true}]}}