{"id":167,"count":157,"description":"<h3><span style=\"font-size: 1.375em; font-family: inherit;\">Es nostro equip a l'ESO<\/span><\/h3>\r\nL\u2019etapa d\u2019Educaci\u00f3 Secund\u00e0ria at\u00e9n l\u2019alumnat m\u00e9s gran del centre, d'entre 12 a 16 anys, finalitzant els estudis d\u2019ensenyament obligatori.\r\n\r\nL'equip de professorat que interv\u00e9 en aquest cicle \u00e9s el seg\u00fcent:\r\n<h5><strong>Tutories<\/strong><\/h5>\r\n<div class=\"row\" style=\"margin-bottom: 1em !important;\">\r\n<div class=\"small-12 large-12 columns\">\r\n<ul>\r\n \t<li><strong>1r: <\/strong>Cristian L\u00f3pez Vives<\/li>\r\n \t<li><strong>2n: <\/strong>Ariadna Carrasco Mart\u00ed<\/li>\r\n \t<li><strong>3r: <\/strong>Gemma Roura Comas i Maria Aulinas Costa<\/li>\r\n \t<li><strong>4t: <\/strong>Vega S\u00e1nchez Pol\u00e1n<\/li>\r\n<\/ul>\r\n<\/div>\r\n<\/div>\r\n<h5><strong>Departaments<\/strong><\/h5>\r\n<div class=\"row\" style=\"margin-bottom: 1em !important;\">\r\n<div class=\"small-12 large-6 columns\">\r\n\r\n<strong>Ci\u00e8ncies<\/strong>\r\n\r\nCap de departament: Ainoa Forcada Barber\u00e0\r\n<ul>\r\n \t<li><strong>Ci\u00e8ncies naturals<\/strong>: Marina Fortea Esparza<\/li>\r\n \t<li><strong>Emprenedoria<\/strong>: Maria Aulinas Costa<\/li>\r\n \t<li><strong>F\u00edsica i qu\u00edmica<\/strong>: Vega S\u00e1nchez Pol\u00e1n<\/li>\r\n \t<li><strong>Matem\u00e0tiques<\/strong>: Ainoa Forcada Barber\u00e0<\/li>\r\n \t<li><strong>M\u00fasica<\/strong>: Blanca Ortiz Val<\/li>\r\n \t<li><strong>Tecnologia<\/strong>: Carles Verg\u00e9s Dorca<\/li>\r\n \t<li><strong>Educaci\u00f3 F\u00edsica:<\/strong> Gemma Roura Comas<\/li>\r\n \t<li><strong>Visual i pl\u00e0stica<\/strong>: S\u00f2nia Palomar Burguillos i Ainoa Forcada<\/li>\r\n<\/ul>\r\n<\/div>\r\n<div class=\"small-12 large-6 columns\">\r\n\r\n<strong>Lletres<\/strong>\r\n\r\nCap de departament: Esther Caussa Mart\u00edn\r\n<ul>\r\n \t<li><strong>Ci\u00e8ncies socials<\/strong>: Maria Aulinas Costa<\/li>\r\n \t<li><strong>Cultura cl\u00e0ssica<\/strong>: Blanca Sala Reig<\/li>\r\n \t<li><strong>Filosofia:<\/strong> Esther Caussa Mart\u00edn<\/li>\r\n \t<li><strong>Hist\u00f2ria i cultura de les religions<\/strong>: Roger Tugues Guix\u00e9s<\/li>\r\n \t<li><strong>Llengua catalana i literatura<\/strong>: Cristian L\u00f3pez Vives<\/li>\r\n \t<li><strong>Llengua castellana i literatura<\/strong>: Esther Caussa Mart\u00edn<\/li>\r\n \t<li><strong>Llengua anglesa<\/strong>: Ariadna Carrasco Mart\u00ed i S\u00f2nia Palomar<\/li>\r\n \t<li><strong>Llengua francesa<\/strong>: Blanca Sala Reig<\/li>\r\n<\/ul>\r\n<\/div>\r\n<\/div>\r\n<div class=\"row\" style=\"margin-bottom: 1em !important;\">\r\n<div class=\"small-12 large-12 columns\">\r\n<h5><strong>Altres<\/strong><\/h5>\r\n<\/div>\r\n<\/div>\r\n<div class=\"row\" style=\"margin-bottom: 1em !important;\">\r\n<div class=\"small-12 large-6 columns\">\r\n<ul>\r\n \t<li><strong>Orientaci\u00f3 i projecte de recerca:<\/strong> Anna Bosch Anglada<\/li>\r\n<\/ul>\r\n<\/div>\r\n<\/div>","link":"https:\/\/agora.xtec.cat\/iecadaques\/categoria\/eso\/","name":"ESO","slug":"eso","taxonomy":"category","parent":0,"meta":[],"_links":{"self":[{"href":"https:\/\/agora.xtec.cat\/iecadaques\/wp-json\/wp\/v2\/categories\/167","targetHints":{"allow":["GET"]}}],"collection":[{"href":"https:\/\/agora.xtec.cat\/iecadaques\/wp-json\/wp\/v2\/categories"}],"about":[{"href":"https:\/\/agora.xtec.cat\/iecadaques\/wp-json\/wp\/v2\/taxonomies\/category"}],"wp:post_type":[{"href":"https:\/\/agora.xtec.cat\/iecadaques\/wp-json\/wp\/v2\/posts?categories=167"}],"curies":[{"name":"wp","href":"https:\/\/api.w.org\/{rel}","templated":true}]}}