{"id":893,"date":"2017-04-04T15:25:09","date_gmt":"2017-04-04T13:25:09","guid":{"rendered":"http:\/\/agora.xtec.cat\/iebarnola\/?p=893"},"modified":"2017-04-04T15:26:25","modified_gmt":"2017-04-04T13:26:25","slug":"exposicio-el-bosc-de-contes","status":"publish","type":"post","link":"https:\/\/agora.xtec.cat\/iebarnola\/general\/exposicio-el-bosc-de-contes\/","title":{"rendered":"Exposici\u00f3 \u00abEl bosc de contes\u00bb"},"content":{"rendered":"<p><img loading=\"lazy\" decoding=\"async\" class=\"wp-image-890 alignnone\" src=\"http:\/\/agora.xtec.cat\/iebarnola\/wp-content\/uploads\/usu1586\/2017\/04\/20170404_112521-300x185.jpg\" alt=\"20170404_112521\" width=\"600\" height=\"370\" srcset=\"https:\/\/agora.xtec.cat\/iebarnola\/wp-content\/uploads\/usu1586\/2017\/04\/20170404_112521-300x185.jpg 300w, https:\/\/agora.xtec.cat\/iebarnola\/wp-content\/uploads\/usu1586\/2017\/04\/20170404_112521-768x474.jpg 768w, https:\/\/agora.xtec.cat\/iebarnola\/wp-content\/uploads\/usu1586\/2017\/04\/20170404_112521-1024x632.jpg 1024w, https:\/\/agora.xtec.cat\/iebarnola\/wp-content\/uploads\/usu1586\/2017\/04\/20170404_112521.jpg 1297w\" sizes=\"auto, (max-width: 600px) 100vw, 600px\" \/><\/p>\n<p>Els cicles dels petits i dels mitjans hem visitat l&#8217;exposici\u00f3 <em><strong>\u00abEl bosc dels contes\u00bb<\/strong><\/em> instal\u00b7lada al Centre C\u00edvic d&#8217;Aviny\u00f3. Es tracta d&#8217;un bosc ple d\u2019arbres de gaireb\u00e9 2 metres d\u2019al\u00e7ada, un recorregut m\u00e0gic acompanyats de personatges il\u00b7lustrats pel conegut Joan Tur\u00fa, zona de font i descans i cistelles plenes de contes que fan reflexionar sobre els estereotips de g\u00e8nere i demostren que qualsevol, independentment de si \u00e9s nen o nena, pot escollir lliurement el que vulgui.<\/p>\n","protected":false},"excerpt":{"rendered":"<p>Els cicles dels petits i dels mitjans hem visitat l&#8217;exposici\u00f3 \u00abEl bosc dels contes\u00bb instal\u00b7lada al Centre C\u00edvic d&#8217;Aviny\u00f3. Es tracta d&#8217;un bosc ple d\u2019arbres de gaireb\u00e9 2 metres d\u2019al\u00e7ada, un recorregut m\u00e0gic acompanyats de personatges il\u00b7lustrats pel conegut Joan Tur\u00fa, zona de font i descans i cistelles plenes de contes que fan reflexionar sobre [&hellip;]<\/p>\n","protected":false},"author":1,"featured_media":890,"comment_status":"open","ping_status":"open","sticky":false,"template":"","format":"standard","meta":{"_bbp_topic_count":0,"_bbp_reply_count":0,"_bbp_total_topic_count":0,"_bbp_total_reply_count":0,"_bbp_voice_count":0,"_bbp_anonymous_reply_count":0,"_bbp_topic_count_hidden":0,"_bbp_reply_count_hidden":0,"_bbp_forum_subforum_count":0,"site-sidebar-layout":"default","site-content-layout":"","ast-site-content-layout":"","site-content-style":"default","site-sidebar-style":"default","ast-global-header-display":"","ast-banner-title-visibility":"","ast-main-header-display":"","ast-hfb-above-header-display":"","ast-hfb-below-header-display":"","ast-hfb-mobile-header-display":"","site-post-title":"","ast-breadcrumbs-content":"","ast-featured-img":"","footer-sml-layout":"","theme-transparent-header-meta":"","adv-header-id-meta":"","stick-header-meta":"","header-above-stick-meta":"","header-main-stick-meta":"","header-below-stick-meta":"","astra-migrate-meta-layouts":"default","ast-page-background-enabled":"default","ast-page-background-meta":{"desktop":{"background-color":"var(--ast-global-color-4)","background-image":"","background-repeat":"repeat","background-position":"center center","background-size":"auto","background-attachment":"scroll","background-type":"","background-media":"","overlay-type":"","overlay-color":"","overlay-opacity":"","overlay-gradient":""},"tablet":{"background-color":"","background-image":"","background-repeat":"repeat","background-position":"center center","background-size":"auto","background-attachment":"scroll","background-type":"","background-media":"","overlay-type":"","overlay-color":"","overlay-opacity":"","overlay-gradient":""},"mobile":{"background-color":"","background-image":"","background-repeat":"repeat","background-position":"center center","background-size":"auto","background-attachment":"scroll","background-type":"","background-media":"","overlay-type":"","overlay-color":"","overlay-opacity":"","overlay-gradient":""}},"ast-content-background-meta":{"desktop":{"background-color":"var(--ast-global-color-5)","background-image":"","background-repeat":"repeat","background-position":"center center","background-size":"auto","background-attachment":"scroll","background-type":"","background-media":"","overlay-type":"","overlay-color":"","overlay-opacity":"","overlay-gradient":""},"tablet":{"background-color":"var(--ast-global-color-5)","background-image":"","background-repeat":"repeat","background-position":"center center","background-size":"auto","background-attachment":"scroll","background-type":"","background-media":"","overlay-type":"","overlay-color":"","overlay-opacity":"","overlay-gradient":""},"mobile":{"background-color":"var(--ast-global-color-5)","background-image":"","background-repeat":"repeat","background-position":"center center","background-size":"auto","background-attachment":"scroll","background-type":"","background-media":"","overlay-type":"","overlay-color":"","overlay-opacity":"","overlay-gradient":""}},"footnotes":""},"categories":[1,4],"tags":[],"class_list":["post-893","post","type-post","status-publish","format-standard","has-post-thumbnail","hentry","category-general","category-portada"],"post_mailing_queue_ids":[],"_links":{"self":[{"href":"https:\/\/agora.xtec.cat\/iebarnola\/wp-json\/wp\/v2\/posts\/893","targetHints":{"allow":["GET"]}}],"collection":[{"href":"https:\/\/agora.xtec.cat\/iebarnola\/wp-json\/wp\/v2\/posts"}],"about":[{"href":"https:\/\/agora.xtec.cat\/iebarnola\/wp-json\/wp\/v2\/types\/post"}],"author":[{"embeddable":true,"href":"https:\/\/agora.xtec.cat\/iebarnola\/wp-json\/wp\/v2\/users\/1"}],"replies":[{"embeddable":true,"href":"https:\/\/agora.xtec.cat\/iebarnola\/wp-json\/wp\/v2\/comments?post=893"}],"version-history":[{"count":3,"href":"https:\/\/agora.xtec.cat\/iebarnola\/wp-json\/wp\/v2\/posts\/893\/revisions"}],"predecessor-version":[{"id":896,"href":"https:\/\/agora.xtec.cat\/iebarnola\/wp-json\/wp\/v2\/posts\/893\/revisions\/896"}],"wp:featuredmedia":[{"embeddable":true,"href":"https:\/\/agora.xtec.cat\/iebarnola\/wp-json\/wp\/v2\/media\/890"}],"wp:attachment":[{"href":"https:\/\/agora.xtec.cat\/iebarnola\/wp-json\/wp\/v2\/media?parent=893"}],"wp:term":[{"taxonomy":"category","embeddable":true,"href":"https:\/\/agora.xtec.cat\/iebarnola\/wp-json\/wp\/v2\/categories?post=893"},{"taxonomy":"post_tag","embeddable":true,"href":"https:\/\/agora.xtec.cat\/iebarnola\/wp-json\/wp\/v2\/tags?post=893"}],"curies":[{"name":"wp","href":"https:\/\/api.w.org\/{rel}","templated":true}]}}