{"id":18206,"date":"2025-02-04T10:00:03","date_gmt":"2025-02-04T09:00:03","guid":{"rendered":"https:\/\/agora.xtec.cat\/iebarnola\/?p=18206"},"modified":"2025-02-04T10:00:03","modified_gmt":"2025-02-04T09:00:03","slug":"carnestoltes-5","status":"publish","type":"post","link":"https:\/\/agora.xtec.cat\/iebarnola\/general\/carnestoltes-5\/","title":{"rendered":"Carnestoltes"},"content":{"rendered":"<div dir=\"auto\">Ja s\u2019acosta el Carnestoltes i animem els vostres fills i filles a participar del Concurs del dibuix pel cartell informatiu dels actes del Carnestoltes Infantil.\u00a0<\/div>\n<div dir=\"auto\">\u00a0<\/div>\n<div dir=\"auto\">Aquest any el tema ser\u00e0: LES PEL\u00b7LICULES (S\u00e8ries o dibuixos animats)<\/div>\n<div dir=\"auto\">\u00a0<\/div>\n<div dir=\"auto\">*La participaci\u00f3 al concurs ser\u00e0 volunt\u00e0ria per\u00f2 us animem a participar!! Podeu fer arribar els cartells a les tutories del centre o a la Roser fins el proper dimarts 11 de febrer.<\/div>\n<div dir=\"auto\">\u00a0<\/div>\n<div dir=\"auto\">*Una comissi\u00f3 formada per diferents membres de la comissi\u00f3 del carnestoltes i de l\u2019escola ser\u00e0 l\u2019encarregada d\u2019escollir el cartell guanyador. Per aix\u00f2 \u00e9s important que el nom del vostre fill o filla estigui escrit al darrere del cartell.<\/div>\n<div dir=\"auto\">\u00a0<\/div>\n<div dir=\"auto\">*El cartell haur\u00e0 de ser en format DinA3 i hi haur\u00e0 de constar la informaci\u00f3 seg\u00fcent:<\/div>\n<div dir=\"auto\">\u00a0<\/div>\n<div dir=\"auto\">Carnestoltes Infantil d\u2019Aviny\u00f3 2025<\/div>\n<div dir=\"auto\">\u00a0<\/div>\n<div dir=\"auto\">Divendres 7 de mar\u00e7<\/div>\n<div dir=\"auto\">\u00a0<\/div>\n<div dir=\"auto\">15:00 inici de la rua a l\u2019IE Barnola.<\/div>\n<div dir=\"auto\">\u00a0<\/div>\n<div dir=\"auto\">Fi de festa a la pla\u00e7a Major.<\/div>\n<div dir=\"auto\">\u00a0<\/div>\n<div dir=\"auto\">El centre proporcionar\u00e0 els fulls DinA3 a aquell alumnat que estigui interessat, si el vostre fill\/a no el porta, el podeu demanar a les tutories o a la Roser.<\/div>\n<div dir=\"auto\">\u00a0<\/div>\n<div dir=\"auto\">Gr\u00e0cies per la vostra participaci\u00f3.<\/div>\n<div dir=\"auto\">\u00a0<\/div>\n<div dir=\"auto\">Atentament,\u00a0<\/div>\n<div dir=\"auto\">\u00a0<\/div>\n<div dir=\"auto\">Comissi\u00f3 de festes<\/div>\n<div dir=\"auto\">\u00a0<\/div>\n<div dir=\"auto\">IE Barnola<\/div>\n","protected":false},"excerpt":{"rendered":"<p>Ja s\u2019acosta el Carnestoltes i animem els vostres fills i filles a participar del Concurs del dibuix pel cartell informatiu dels actes del Carnestoltes Infantil.\u00a0 \u00a0 Aquest any el tema ser\u00e0: LES PEL\u00b7LICULES (S\u00e8ries o dibuixos animats) \u00a0 *La participaci\u00f3 al concurs ser\u00e0 volunt\u00e0ria per\u00f2 us animem a participar!! Podeu fer arribar els cartells a [&hellip;]<\/p>\n","protected":false},"author":1,"featured_media":15569,"comment_status":"open","ping_status":"closed","sticky":false,"template":"","format":"standard","meta":{"_bbp_topic_count":0,"_bbp_reply_count":0,"_bbp_total_topic_count":0,"_bbp_total_reply_count":0,"_bbp_voice_count":0,"_bbp_anonymous_reply_count":0,"_bbp_topic_count_hidden":0,"_bbp_reply_count_hidden":0,"_bbp_forum_subforum_count":0,"site-sidebar-layout":"default","site-content-layout":"","ast-site-content-layout":"","site-content-style":"default","site-sidebar-style":"default","ast-global-header-display":"","ast-banner-title-visibility":"","ast-main-header-display":"","ast-hfb-above-header-display":"","ast-hfb-below-header-display":"","ast-hfb-mobile-header-display":"","site-post-title":"","ast-breadcrumbs-content":"","ast-featured-img":"","footer-sml-layout":"","theme-transparent-header-meta":"","adv-header-id-meta":"","stick-header-meta":"","header-above-stick-meta":"","header-main-stick-meta":"","header-below-stick-meta":"","astra-migrate-meta-layouts":"default","ast-page-background-enabled":"default","ast-page-background-meta":{"desktop":{"background-color":"var(--ast-global-color-4)","background-image":"","background-repeat":"repeat","background-position":"center center","background-size":"auto","background-attachment":"scroll","background-type":"","background-media":"","overlay-type":"","overlay-color":"","overlay-opacity":"","overlay-gradient":""},"tablet":{"background-color":"","background-image":"","background-repeat":"repeat","background-position":"center center","background-size":"auto","background-attachment":"scroll","background-type":"","background-media":"","overlay-type":"","overlay-color":"","overlay-opacity":"","overlay-gradient":""},"mobile":{"background-color":"","background-image":"","background-repeat":"repeat","background-position":"center center","background-size":"auto","background-attachment":"scroll","background-type":"","background-media":"","overlay-type":"","overlay-color":"","overlay-opacity":"","overlay-gradient":""}},"ast-content-background-meta":{"desktop":{"background-color":"var(--ast-global-color-5)","background-image":"","background-repeat":"repeat","background-position":"center center","background-size":"auto","background-attachment":"scroll","background-type":"","background-media":"","overlay-type":"","overlay-color":"","overlay-opacity":"","overlay-gradient":""},"tablet":{"background-color":"var(--ast-global-color-5)","background-image":"","background-repeat":"repeat","background-position":"center center","background-size":"auto","background-attachment":"scroll","background-type":"","background-media":"","overlay-type":"","overlay-color":"","overlay-opacity":"","overlay-gradient":""},"mobile":{"background-color":"var(--ast-global-color-5)","background-image":"","background-repeat":"repeat","background-position":"center center","background-size":"auto","background-attachment":"scroll","background-type":"","background-media":"","overlay-type":"","overlay-color":"","overlay-opacity":"","overlay-gradient":""}},"footnotes":""},"categories":[1,4],"tags":[],"class_list":["post-18206","post","type-post","status-publish","format-standard","has-post-thumbnail","hentry","category-general","category-portada"],"post_mailing_queue_ids":[],"_links":{"self":[{"href":"https:\/\/agora.xtec.cat\/iebarnola\/wp-json\/wp\/v2\/posts\/18206","targetHints":{"allow":["GET"]}}],"collection":[{"href":"https:\/\/agora.xtec.cat\/iebarnola\/wp-json\/wp\/v2\/posts"}],"about":[{"href":"https:\/\/agora.xtec.cat\/iebarnola\/wp-json\/wp\/v2\/types\/post"}],"author":[{"embeddable":true,"href":"https:\/\/agora.xtec.cat\/iebarnola\/wp-json\/wp\/v2\/users\/1"}],"replies":[{"embeddable":true,"href":"https:\/\/agora.xtec.cat\/iebarnola\/wp-json\/wp\/v2\/comments?post=18206"}],"version-history":[{"count":1,"href":"https:\/\/agora.xtec.cat\/iebarnola\/wp-json\/wp\/v2\/posts\/18206\/revisions"}],"predecessor-version":[{"id":18207,"href":"https:\/\/agora.xtec.cat\/iebarnola\/wp-json\/wp\/v2\/posts\/18206\/revisions\/18207"}],"wp:featuredmedia":[{"embeddable":true,"href":"https:\/\/agora.xtec.cat\/iebarnola\/wp-json\/wp\/v2\/media\/15569"}],"wp:attachment":[{"href":"https:\/\/agora.xtec.cat\/iebarnola\/wp-json\/wp\/v2\/media?parent=18206"}],"wp:term":[{"taxonomy":"category","embeddable":true,"href":"https:\/\/agora.xtec.cat\/iebarnola\/wp-json\/wp\/v2\/categories?post=18206"},{"taxonomy":"post_tag","embeddable":true,"href":"https:\/\/agora.xtec.cat\/iebarnola\/wp-json\/wp\/v2\/tags?post=18206"}],"curies":[{"name":"wp","href":"https:\/\/api.w.org\/{rel}","templated":true}]}}