{"id":17790,"date":"2024-05-24T15:40:32","date_gmt":"2024-05-24T13:40:32","guid":{"rendered":"https:\/\/agora.xtec.cat\/iebarnola\/?p=17790"},"modified":"2024-05-24T15:40:32","modified_gmt":"2024-05-24T13:40:32","slug":"final-rock-in","status":"publish","type":"post","link":"https:\/\/agora.xtec.cat\/iebarnola\/general\/final-rock-in\/","title":{"rendered":"Final Rock in"},"content":{"rendered":"<p>L&#8217;alumnat de 6\u00e8 de prim\u00e0ria i d&#8217;ESO de l&#8217;IE Barnola participa del projecte <a href=\"https:\/\/www.casadelamusica.cat\/index.php\/formacio-rockin\">Rock in<\/a>, de la xarxa de Cases de la M\u00fasica.<\/p>\n<p>Rockin \u00e9s un projecte innovador de formaci\u00f3 musical dirigit als centres educatius de secund\u00e0ria. Proporciona un entorn equipat amb els principals instruments de m\u00fasica moderna (guitarra, baix, teclat i bateria), a m\u00e9s de programari i videojocs educatius que faciliten l&#8217;aprenentatge aut\u00f2nom, com ara Synthesia, Drumtutor i Rocksmith. Tot aix\u00f2 es realitza respectant el ritme de cada usuari i amb l&#8217;assessorament d&#8217;un acompanyament expert. Els usuaris aprenen a tocar un instrument, compondre can\u00e7ons, tocar en grup i actuar en directe!<\/p>\n<p>El dia de 7 maig, al Local Catalunya d&#8217;Aviny\u00f3, vam celebrar la semifinal del projecte Rockin, de la qual van ser escollits dos grups musicals formats pels nostres alumnes de 6\u00e8 i 1r d&#8217;ESO per representar-nos a la final.<\/p>\n<p>El divendres 24 de maig s&#8217;ha celebrat al Passeig del Riu de Manresa, en el marc de la Festa del Riu, la final del projecte.<\/p>\n<p>Han participat 2 grups de cada centre educatiu: l&#8217;Institut Manresa Sis, Institut Gerbert d&#8217;Aurillac de Sant Fruit\u00f3s de Bages i l&#8217;Institut Escola Barnola d&#8217;Aviny\u00f3. <\/p>\n<p>El primer classificat ha estat un dels grups de l&#8217;Institut Manresa Sis i el segon i tercer classificat han estat els dos grups de l&#8217;Institut Escola Barnola d&#8217;Aviny\u00f3.<\/p>\n<p>S&#8217;adjunta el cartell de la Festa del riu: <a href=\"https:\/\/agora.xtec.cat\/iebarnola\/wp-content\/uploads\/usu1586\/2024\/05\/Festa-del-riu.pdf\">Festa del riu<\/a><\/p>\n","protected":false},"excerpt":{"rendered":"<p>L&#8217;alumnat de 6\u00e8 de prim\u00e0ria i d&#8217;ESO de l&#8217;IE Barnola participa del projecte Rock in, de la xarxa de Cases de la M\u00fasica. Rockin \u00e9s un projecte innovador de formaci\u00f3 musical dirigit als centres educatius de secund\u00e0ria. Proporciona un entorn equipat amb els principals instruments de m\u00fasica moderna (guitarra, baix, teclat i bateria), a m\u00e9s [&hellip;]<\/p>\n","protected":false},"author":1,"featured_media":17792,"comment_status":"open","ping_status":"closed","sticky":false,"template":"","format":"standard","meta":{"_bbp_topic_count":0,"_bbp_reply_count":0,"_bbp_total_topic_count":0,"_bbp_total_reply_count":0,"_bbp_voice_count":0,"_bbp_anonymous_reply_count":0,"_bbp_topic_count_hidden":0,"_bbp_reply_count_hidden":0,"_bbp_forum_subforum_count":0,"site-sidebar-layout":"default","site-content-layout":"","ast-site-content-layout":"","site-content-style":"default","site-sidebar-style":"default","ast-global-header-display":"","ast-banner-title-visibility":"","ast-main-header-display":"","ast-hfb-above-header-display":"","ast-hfb-below-header-display":"","ast-hfb-mobile-header-display":"","site-post-title":"","ast-breadcrumbs-content":"","ast-featured-img":"","footer-sml-layout":"","theme-transparent-header-meta":"","adv-header-id-meta":"","stick-header-meta":"","header-above-stick-meta":"","header-main-stick-meta":"","header-below-stick-meta":"","astra-migrate-meta-layouts":"default","ast-page-background-enabled":"default","ast-page-background-meta":{"desktop":{"background-color":"var(--ast-global-color-4)","background-image":"","background-repeat":"repeat","background-position":"center center","background-size":"auto","background-attachment":"scroll","background-type":"","background-media":"","overlay-type":"","overlay-color":"","overlay-opacity":"","overlay-gradient":""},"tablet":{"background-color":"","background-image":"","background-repeat":"repeat","background-position":"center center","background-size":"auto","background-attachment":"scroll","background-type":"","background-media":"","overlay-type":"","overlay-color":"","overlay-opacity":"","overlay-gradient":""},"mobile":{"background-color":"","background-image":"","background-repeat":"repeat","background-position":"center center","background-size":"auto","background-attachment":"scroll","background-type":"","background-media":"","overlay-type":"","overlay-color":"","overlay-opacity":"","overlay-gradient":""}},"ast-content-background-meta":{"desktop":{"background-color":"var(--ast-global-color-5)","background-image":"","background-repeat":"repeat","background-position":"center center","background-size":"auto","background-attachment":"scroll","background-type":"","background-media":"","overlay-type":"","overlay-color":"","overlay-opacity":"","overlay-gradient":""},"tablet":{"background-color":"var(--ast-global-color-5)","background-image":"","background-repeat":"repeat","background-position":"center center","background-size":"auto","background-attachment":"scroll","background-type":"","background-media":"","overlay-type":"","overlay-color":"","overlay-opacity":"","overlay-gradient":""},"mobile":{"background-color":"var(--ast-global-color-5)","background-image":"","background-repeat":"repeat","background-position":"center center","background-size":"auto","background-attachment":"scroll","background-type":"","background-media":"","overlay-type":"","overlay-color":"","overlay-opacity":"","overlay-gradient":""}},"footnotes":""},"categories":[1,4],"tags":[],"class_list":["post-17790","post","type-post","status-publish","format-standard","has-post-thumbnail","hentry","category-general","category-portada"],"post_mailing_queue_ids":[],"_links":{"self":[{"href":"https:\/\/agora.xtec.cat\/iebarnola\/wp-json\/wp\/v2\/posts\/17790","targetHints":{"allow":["GET"]}}],"collection":[{"href":"https:\/\/agora.xtec.cat\/iebarnola\/wp-json\/wp\/v2\/posts"}],"about":[{"href":"https:\/\/agora.xtec.cat\/iebarnola\/wp-json\/wp\/v2\/types\/post"}],"author":[{"embeddable":true,"href":"https:\/\/agora.xtec.cat\/iebarnola\/wp-json\/wp\/v2\/users\/1"}],"replies":[{"embeddable":true,"href":"https:\/\/agora.xtec.cat\/iebarnola\/wp-json\/wp\/v2\/comments?post=17790"}],"version-history":[{"count":1,"href":"https:\/\/agora.xtec.cat\/iebarnola\/wp-json\/wp\/v2\/posts\/17790\/revisions"}],"predecessor-version":[{"id":17793,"href":"https:\/\/agora.xtec.cat\/iebarnola\/wp-json\/wp\/v2\/posts\/17790\/revisions\/17793"}],"wp:featuredmedia":[{"embeddable":true,"href":"https:\/\/agora.xtec.cat\/iebarnola\/wp-json\/wp\/v2\/media\/17792"}],"wp:attachment":[{"href":"https:\/\/agora.xtec.cat\/iebarnola\/wp-json\/wp\/v2\/media?parent=17790"}],"wp:term":[{"taxonomy":"category","embeddable":true,"href":"https:\/\/agora.xtec.cat\/iebarnola\/wp-json\/wp\/v2\/categories?post=17790"},{"taxonomy":"post_tag","embeddable":true,"href":"https:\/\/agora.xtec.cat\/iebarnola\/wp-json\/wp\/v2\/tags?post=17790"}],"curies":[{"name":"wp","href":"https:\/\/api.w.org\/{rel}","templated":true}]}}