{"id":16806,"date":"2023-06-01T11:17:28","date_gmt":"2023-06-01T09:17:28","guid":{"rendered":"https:\/\/agora.xtec.cat\/iebarnola\/?p=16806"},"modified":"2023-06-01T11:17:28","modified_gmt":"2023-06-01T09:17:28","slug":"xarxa-territorial-de-transformacio-educativa","status":"publish","type":"post","link":"https:\/\/agora.xtec.cat\/iebarnola\/general\/xarxa-territorial-de-transformacio-educativa\/","title":{"rendered":"Xarxa Territorial de Transformaci\u00f3 Educativa"},"content":{"rendered":"<p style=\"font-weight: 400;\">Hem arribat a la recta final de la Xarxa Territorial de Transformaci\u00f3 Educativa (XTTE) d&#8217;aquest curs 2022-23.\u00a0<\/p>\n<p style=\"font-weight: 400;\">Al llarg del curs hem treballat tots els vectors del nou curr\u00edculum i el dia 31 de maig de 2\/4 de 10 a 1 del migdia a l&#8217;<a href=\"https:\/\/goo.gl\/maps\/5uy3C3kQ1Hmu41zK6\" data-saferedirecturl=\"https:\/\/www.google.com\/url?q=https:\/\/goo.gl\/maps\/5uy3C3kQ1Hmu41zK6&amp;source=gmail&amp;ust=1685695039954000&amp;usg=AOvVaw34J3uwqBEcg5ISUT4pN563\">Escola Oficial d&#8217;Idiomes de Manresa<\/a> (EOI) s&#8217;ha celebrat\u00a0 la jornada de tancament.<\/p>\n<p style=\"font-weight: 400;\">L&#8217;IE Barnola ha participat en la jornada en l&#8217;espai de\u00a0 mostra d&#8217;experi\u00e8ncies de diversos centres de la xarxa on s&#8217;han explicat com es treballen algun dels vectors o com han fet la transfer\u00e8ncia al claustre. En el nostre cas s&#8217;ha explicat l&#8217;experi\u00e8ncia eductiva del punt lila que es porta a terme a 6\u00e8 i 1r d&#8217;ESO, dins del vector de perspectiva de g\u00e8nere.\u00a0<\/p>\n<p>El punt lila est\u00e0 gestionat per alumnat de secund\u00e0ria en la franja de projecte lliure. S&#8217;han distribu\u00eft 3 b\u00fasties: 6\u00e8, ESO i al refugi (local de joves). En aquestes b\u00fasties l&#8217;alumnat pot apuntar dubtes sobre sexualitat, coeducaci\u00f3 i consum de drogues. L&#8217;alumnat que ho gestiona, amb l&#8217;ajuda de la persona referent de salut del programa Salut i Escola,\u00a0 responen les preguntes i despr\u00e9s fan un retorn a trav\u00e9s d&#8217;un cartell o un podcast.<\/p>\n<p>&nbsp;<\/p>\n<p style=\"font-weight: 400;\">\u00a0<\/p>\n","protected":false},"excerpt":{"rendered":"<p>Hem arribat a la recta final de la Xarxa Territorial de Transformaci\u00f3 Educativa (XTTE) d&#8217;aquest curs 2022-23.\u00a0 Al llarg del curs hem treballat tots els vectors del nou curr\u00edculum i el dia 31 de maig de 2\/4 de 10 a 1 del migdia a l&#8217;Escola Oficial d&#8217;Idiomes de Manresa (EOI) s&#8217;ha celebrat\u00a0 la jornada de [&hellip;]<\/p>\n","protected":false},"author":1,"featured_media":16807,"comment_status":"open","ping_status":"closed","sticky":false,"template":"","format":"standard","meta":{"_bbp_topic_count":0,"_bbp_reply_count":0,"_bbp_total_topic_count":0,"_bbp_total_reply_count":0,"_bbp_voice_count":0,"_bbp_anonymous_reply_count":0,"_bbp_topic_count_hidden":0,"_bbp_reply_count_hidden":0,"_bbp_forum_subforum_count":0,"site-sidebar-layout":"default","site-content-layout":"","ast-site-content-layout":"","site-content-style":"default","site-sidebar-style":"default","ast-global-header-display":"","ast-banner-title-visibility":"","ast-main-header-display":"","ast-hfb-above-header-display":"","ast-hfb-below-header-display":"","ast-hfb-mobile-header-display":"","site-post-title":"","ast-breadcrumbs-content":"","ast-featured-img":"","footer-sml-layout":"","theme-transparent-header-meta":"","adv-header-id-meta":"","stick-header-meta":"","header-above-stick-meta":"","header-main-stick-meta":"","header-below-stick-meta":"","astra-migrate-meta-layouts":"default","ast-page-background-enabled":"default","ast-page-background-meta":{"desktop":{"background-color":"var(--ast-global-color-4)","background-image":"","background-repeat":"repeat","background-position":"center center","background-size":"auto","background-attachment":"scroll","background-type":"","background-media":"","overlay-type":"","overlay-color":"","overlay-opacity":"","overlay-gradient":""},"tablet":{"background-color":"","background-image":"","background-repeat":"repeat","background-position":"center center","background-size":"auto","background-attachment":"scroll","background-type":"","background-media":"","overlay-type":"","overlay-color":"","overlay-opacity":"","overlay-gradient":""},"mobile":{"background-color":"","background-image":"","background-repeat":"repeat","background-position":"center center","background-size":"auto","background-attachment":"scroll","background-type":"","background-media":"","overlay-type":"","overlay-color":"","overlay-opacity":"","overlay-gradient":""}},"ast-content-background-meta":{"desktop":{"background-color":"var(--ast-global-color-5)","background-image":"","background-repeat":"repeat","background-position":"center center","background-size":"auto","background-attachment":"scroll","background-type":"","background-media":"","overlay-type":"","overlay-color":"","overlay-opacity":"","overlay-gradient":""},"tablet":{"background-color":"var(--ast-global-color-5)","background-image":"","background-repeat":"repeat","background-position":"center center","background-size":"auto","background-attachment":"scroll","background-type":"","background-media":"","overlay-type":"","overlay-color":"","overlay-opacity":"","overlay-gradient":""},"mobile":{"background-color":"var(--ast-global-color-5)","background-image":"","background-repeat":"repeat","background-position":"center center","background-size":"auto","background-attachment":"scroll","background-type":"","background-media":"","overlay-type":"","overlay-color":"","overlay-opacity":"","overlay-gradient":""}},"footnotes":""},"categories":[1,4],"tags":[],"class_list":["post-16806","post","type-post","status-publish","format-standard","has-post-thumbnail","hentry","category-general","category-portada"],"post_mailing_queue_ids":[],"_links":{"self":[{"href":"https:\/\/agora.xtec.cat\/iebarnola\/wp-json\/wp\/v2\/posts\/16806","targetHints":{"allow":["GET"]}}],"collection":[{"href":"https:\/\/agora.xtec.cat\/iebarnola\/wp-json\/wp\/v2\/posts"}],"about":[{"href":"https:\/\/agora.xtec.cat\/iebarnola\/wp-json\/wp\/v2\/types\/post"}],"author":[{"embeddable":true,"href":"https:\/\/agora.xtec.cat\/iebarnola\/wp-json\/wp\/v2\/users\/1"}],"replies":[{"embeddable":true,"href":"https:\/\/agora.xtec.cat\/iebarnola\/wp-json\/wp\/v2\/comments?post=16806"}],"version-history":[{"count":1,"href":"https:\/\/agora.xtec.cat\/iebarnola\/wp-json\/wp\/v2\/posts\/16806\/revisions"}],"predecessor-version":[{"id":16808,"href":"https:\/\/agora.xtec.cat\/iebarnola\/wp-json\/wp\/v2\/posts\/16806\/revisions\/16808"}],"wp:featuredmedia":[{"embeddable":true,"href":"https:\/\/agora.xtec.cat\/iebarnola\/wp-json\/wp\/v2\/media\/16807"}],"wp:attachment":[{"href":"https:\/\/agora.xtec.cat\/iebarnola\/wp-json\/wp\/v2\/media?parent=16806"}],"wp:term":[{"taxonomy":"category","embeddable":true,"href":"https:\/\/agora.xtec.cat\/iebarnola\/wp-json\/wp\/v2\/categories?post=16806"},{"taxonomy":"post_tag","embeddable":true,"href":"https:\/\/agora.xtec.cat\/iebarnola\/wp-json\/wp\/v2\/tags?post=16806"}],"curies":[{"name":"wp","href":"https:\/\/api.w.org\/{rel}","templated":true}]}}