{"id":15854,"date":"2022-06-06T06:38:11","date_gmt":"2022-06-06T04:38:11","guid":{"rendered":"https:\/\/agora.xtec.cat\/iebarnola\/?p=15854"},"modified":"2022-06-06T06:38:11","modified_gmt":"2022-06-06T04:38:11","slug":"beques","status":"publish","type":"post","link":"https:\/\/agora.xtec.cat\/iebarnola\/general\/beques\/","title":{"rendered":"Beques"},"content":{"rendered":"<p>Benvolgudes fam\u00edlies,<\/p>\n<p>Us informem que el Ministerio de Educaci\u00f3n i Ciencia ha notificat que s&#8217;avan\u00e7a el per\u00edode de sol\u00b7licitud de la convocat\u00f2ria d\u2019<strong>ajuts per suport educatiu pel proper curs escolar 22-23.<\/strong><\/p>\n<p>&nbsp;<\/p>\n<p><strong>En cas de que vulgueu fer la sol\u00b7licitud el termini previst per sol\u00b7licitar les corresponents beques \u00e9s del\u00a0 19 de maig al 30 de setembre de 2022.<\/strong><\/p>\n<p>Cal recordar que\u00a0<strong>la fam\u00edlia ha d\u2019omplir telem\u00e0ticament la sol\u00b7licitud<\/strong>\u00a0a la p\u00e0gina\u00a0seg\u00fcent\u00a0 <a href=\"https:\/\/app.dinantia.com\/api\/system\/track_link\/ia1GQAzG8j5a\/6972391?original_url=https%3A%2F%2Feducacio.gencat.cat%2Fca%2Ftramits%2Ftramits-temes%2FAjuts-per-a-alumnes-amb-necessitat-especifica-de-suport-educatiu\" target=\"_blank\" rel=\"noreferrer noopener\" data-saferedirecturl=\"https:\/\/www.google.com\/url?q=https:\/\/app.dinantia.com\/api\/system\/track_link\/ia1GQAzG8j5a\/6972391?original_url%3Dhttps%253A%252F%252Feducacio.gencat.cat%252Fca%252Ftramits%252Ftramits-temes%252FAjuts-per-a-alumnes-amb-necessitat-especifica-de-suport-educatiu&amp;source=gmail&amp;ust=1654576045888000&amp;usg=AOvVaw2UBOhIpntZ98JbyqAkXBCg\">enlla\u00e7<\/a>.\u00a0\u00a0<\/p>\n<p>Un cop fet cal dur l&#8217;impr\u00e8s\u00a0degudament complimentat\u00a0a l\u2019IE.\u00a0<\/p>\n<p>&nbsp;<\/p>\n<p>Per a qualsevol dubte poseu-vos en contacte amb secretaria en horari de dimarts i\/o dijous.\u00a0<\/p>\n<p>&nbsp;<\/p>\n","protected":false},"excerpt":{"rendered":"<p>Benvolgudes fam\u00edlies, Us informem que el Ministerio de Educaci\u00f3n i Ciencia ha notificat que s&#8217;avan\u00e7a el per\u00edode de sol\u00b7licitud de la convocat\u00f2ria d\u2019ajuts per suport educatiu pel proper curs escolar 22-23. &nbsp; En cas de que vulgueu fer la sol\u00b7licitud el termini previst per sol\u00b7licitar les corresponents beques \u00e9s del\u00a0 19 de maig al 30 [&hellip;]<\/p>\n","protected":false},"author":1,"featured_media":15855,"comment_status":"open","ping_status":"closed","sticky":false,"template":"","format":"standard","meta":{"_bbp_topic_count":0,"_bbp_reply_count":0,"_bbp_total_topic_count":0,"_bbp_total_reply_count":0,"_bbp_voice_count":0,"_bbp_anonymous_reply_count":0,"_bbp_topic_count_hidden":0,"_bbp_reply_count_hidden":0,"_bbp_forum_subforum_count":0,"site-sidebar-layout":"default","site-content-layout":"","ast-site-content-layout":"","site-content-style":"default","site-sidebar-style":"default","ast-global-header-display":"","ast-banner-title-visibility":"","ast-main-header-display":"","ast-hfb-above-header-display":"","ast-hfb-below-header-display":"","ast-hfb-mobile-header-display":"","site-post-title":"","ast-breadcrumbs-content":"","ast-featured-img":"","footer-sml-layout":"","theme-transparent-header-meta":"","adv-header-id-meta":"","stick-header-meta":"","header-above-stick-meta":"","header-main-stick-meta":"","header-below-stick-meta":"","astra-migrate-meta-layouts":"default","ast-page-background-enabled":"default","ast-page-background-meta":{"desktop":{"background-color":"var(--ast-global-color-4)","background-image":"","background-repeat":"repeat","background-position":"center center","background-size":"auto","background-attachment":"scroll","background-type":"","background-media":"","overlay-type":"","overlay-color":"","overlay-opacity":"","overlay-gradient":""},"tablet":{"background-color":"","background-image":"","background-repeat":"repeat","background-position":"center center","background-size":"auto","background-attachment":"scroll","background-type":"","background-media":"","overlay-type":"","overlay-color":"","overlay-opacity":"","overlay-gradient":""},"mobile":{"background-color":"","background-image":"","background-repeat":"repeat","background-position":"center center","background-size":"auto","background-attachment":"scroll","background-type":"","background-media":"","overlay-type":"","overlay-color":"","overlay-opacity":"","overlay-gradient":""}},"ast-content-background-meta":{"desktop":{"background-color":"var(--ast-global-color-5)","background-image":"","background-repeat":"repeat","background-position":"center center","background-size":"auto","background-attachment":"scroll","background-type":"","background-media":"","overlay-type":"","overlay-color":"","overlay-opacity":"","overlay-gradient":""},"tablet":{"background-color":"var(--ast-global-color-5)","background-image":"","background-repeat":"repeat","background-position":"center center","background-size":"auto","background-attachment":"scroll","background-type":"","background-media":"","overlay-type":"","overlay-color":"","overlay-opacity":"","overlay-gradient":""},"mobile":{"background-color":"var(--ast-global-color-5)","background-image":"","background-repeat":"repeat","background-position":"center center","background-size":"auto","background-attachment":"scroll","background-type":"","background-media":"","overlay-type":"","overlay-color":"","overlay-opacity":"","overlay-gradient":""}},"footnotes":""},"categories":[1,4],"tags":[],"class_list":["post-15854","post","type-post","status-publish","format-standard","has-post-thumbnail","hentry","category-general","category-portada"],"post_mailing_queue_ids":[],"_links":{"self":[{"href":"https:\/\/agora.xtec.cat\/iebarnola\/wp-json\/wp\/v2\/posts\/15854","targetHints":{"allow":["GET"]}}],"collection":[{"href":"https:\/\/agora.xtec.cat\/iebarnola\/wp-json\/wp\/v2\/posts"}],"about":[{"href":"https:\/\/agora.xtec.cat\/iebarnola\/wp-json\/wp\/v2\/types\/post"}],"author":[{"embeddable":true,"href":"https:\/\/agora.xtec.cat\/iebarnola\/wp-json\/wp\/v2\/users\/1"}],"replies":[{"embeddable":true,"href":"https:\/\/agora.xtec.cat\/iebarnola\/wp-json\/wp\/v2\/comments?post=15854"}],"version-history":[{"count":1,"href":"https:\/\/agora.xtec.cat\/iebarnola\/wp-json\/wp\/v2\/posts\/15854\/revisions"}],"predecessor-version":[{"id":15856,"href":"https:\/\/agora.xtec.cat\/iebarnola\/wp-json\/wp\/v2\/posts\/15854\/revisions\/15856"}],"wp:featuredmedia":[{"embeddable":true,"href":"https:\/\/agora.xtec.cat\/iebarnola\/wp-json\/wp\/v2\/media\/15855"}],"wp:attachment":[{"href":"https:\/\/agora.xtec.cat\/iebarnola\/wp-json\/wp\/v2\/media?parent=15854"}],"wp:term":[{"taxonomy":"category","embeddable":true,"href":"https:\/\/agora.xtec.cat\/iebarnola\/wp-json\/wp\/v2\/categories?post=15854"},{"taxonomy":"post_tag","embeddable":true,"href":"https:\/\/agora.xtec.cat\/iebarnola\/wp-json\/wp\/v2\/tags?post=15854"}],"curies":[{"name":"wp","href":"https:\/\/api.w.org\/{rel}","templated":true}]}}