{"id":13681,"date":"2021-02-05T16:00:38","date_gmt":"2021-02-05T15:00:38","guid":{"rendered":"https:\/\/agora.xtec.cat\/iebarnola\/?p=13681"},"modified":"2021-02-05T20:48:35","modified_gmt":"2021-02-05T19:48:35","slug":"visita-dun-jardiner-a-la-classe-blava","status":"publish","type":"post","link":"https:\/\/agora.xtec.cat\/iebarnola\/i3-i-i4\/visita-dun-jardiner-a-la-classe-blava\/","title":{"rendered":"ENS VISITA UN JARDINER"},"content":{"rendered":"<p><span style=\"font-weight: 400\">Des del primer trimestre, els nens i nenes de la classe blava portem a terme el projecte <em>\u201cper qu\u00e8 cauen les fulles?\u201d<\/em>. A part d&#8217;investigar aquest fet, aquest projecte ens ha portat a observar els arbres. Despr\u00e9s que alguns arbres hagin perdut totes les seves fulles, hem <\/span><span style=\"font-weight: 400\">vist que els hi han tallat algunes branques i ens hem preguntat per qu\u00e8 ho fan?<\/span><\/p>\n<p><span style=\"font-weight: 400\">Per tal de saber-ho hem demanat ajuda a un jardiner d\u2019Aviny\u00f3, el <\/span><i><span style=\"font-weight: 400\">Ra\u00fal Corominas<\/span><\/i><span style=\"font-weight: 400\"> conegut popularment com a <\/span><i><span style=\"font-weight: 400\">\u201cRusky\u201d<\/span><\/i><span style=\"font-weight: 400\">. Se li han demanat diferents preguntes en relaci\u00f3 a la poda dels arbres i tamb\u00e9 en relaci\u00f3 a les fulles. Tamb\u00e9 ens ha ensenyat les eines que es necessiten per tallar les branques dels arbres. Ens ha agradat molt,\u00a0<\/span><\/p>\n<p style=\"text-align: center\"><strong>Gr\u00e0cies Ra\u00fal!<\/strong><\/p>\n<p><a href=\"https:\/\/agora.xtec.cat\/iebarnola\/wp-content\/uploads\/usu1586\/2021\/02\/IMG_9204.jpg\"><img loading=\"lazy\" decoding=\"async\" class=\"alignnone size-full wp-image-13686\" src=\"https:\/\/agora.xtec.cat\/iebarnola\/wp-content\/uploads\/usu1586\/2021\/02\/IMG_9204.jpg\" alt=\"\" width=\"1000\" height=\"1000\" srcset=\"https:\/\/agora.xtec.cat\/iebarnola\/wp-content\/uploads\/usu1586\/2021\/02\/IMG_9204.jpg 1000w, https:\/\/agora.xtec.cat\/iebarnola\/wp-content\/uploads\/usu1586\/2021\/02\/IMG_9204-150x150.jpg 150w, https:\/\/agora.xtec.cat\/iebarnola\/wp-content\/uploads\/usu1586\/2021\/02\/IMG_9204-300x300.jpg 300w, https:\/\/agora.xtec.cat\/iebarnola\/wp-content\/uploads\/usu1586\/2021\/02\/IMG_9204-768x768.jpg 768w\" sizes=\"auto, (max-width: 1000px) 100vw, 1000px\" \/><\/a><\/p>\n","protected":false},"excerpt":{"rendered":"<p>Des del primer trimestre, els nens i nenes de la classe blava portem a terme el projecte \u201cper qu\u00e8 cauen les fulles?\u201d. A part d&#8217;investigar aquest fet, aquest projecte ens ha portat a observar els arbres. Despr\u00e9s que alguns arbres hagin perdut totes les seves fulles, hem vist que els hi han tallat algunes branques [&hellip;]<\/p>\n","protected":false},"author":1,"featured_media":0,"comment_status":"open","ping_status":"closed","sticky":false,"template":"","format":"standard","meta":{"_bbp_topic_count":0,"_bbp_reply_count":0,"_bbp_total_topic_count":0,"_bbp_total_reply_count":0,"_bbp_voice_count":0,"_bbp_anonymous_reply_count":0,"_bbp_topic_count_hidden":0,"_bbp_reply_count_hidden":0,"_bbp_forum_subforum_count":0,"site-sidebar-layout":"default","site-content-layout":"","ast-site-content-layout":"","site-content-style":"default","site-sidebar-style":"default","ast-global-header-display":"","ast-banner-title-visibility":"","ast-main-header-display":"","ast-hfb-above-header-display":"","ast-hfb-below-header-display":"","ast-hfb-mobile-header-display":"","site-post-title":"","ast-breadcrumbs-content":"","ast-featured-img":"","footer-sml-layout":"","theme-transparent-header-meta":"","adv-header-id-meta":"","stick-header-meta":"","header-above-stick-meta":"","header-main-stick-meta":"","header-below-stick-meta":"","astra-migrate-meta-layouts":"default","ast-page-background-enabled":"default","ast-page-background-meta":{"desktop":{"background-color":"var(--ast-global-color-4)","background-image":"","background-repeat":"repeat","background-position":"center center","background-size":"auto","background-attachment":"scroll","background-type":"","background-media":"","overlay-type":"","overlay-color":"","overlay-opacity":"","overlay-gradient":""},"tablet":{"background-color":"","background-image":"","background-repeat":"repeat","background-position":"center center","background-size":"auto","background-attachment":"scroll","background-type":"","background-media":"","overlay-type":"","overlay-color":"","overlay-opacity":"","overlay-gradient":""},"mobile":{"background-color":"","background-image":"","background-repeat":"repeat","background-position":"center center","background-size":"auto","background-attachment":"scroll","background-type":"","background-media":"","overlay-type":"","overlay-color":"","overlay-opacity":"","overlay-gradient":""}},"ast-content-background-meta":{"desktop":{"background-color":"var(--ast-global-color-5)","background-image":"","background-repeat":"repeat","background-position":"center center","background-size":"auto","background-attachment":"scroll","background-type":"","background-media":"","overlay-type":"","overlay-color":"","overlay-opacity":"","overlay-gradient":""},"tablet":{"background-color":"var(--ast-global-color-5)","background-image":"","background-repeat":"repeat","background-position":"center center","background-size":"auto","background-attachment":"scroll","background-type":"","background-media":"","overlay-type":"","overlay-color":"","overlay-opacity":"","overlay-gradient":""},"mobile":{"background-color":"var(--ast-global-color-5)","background-image":"","background-repeat":"repeat","background-position":"center center","background-size":"auto","background-attachment":"scroll","background-type":"","background-media":"","overlay-type":"","overlay-color":"","overlay-opacity":"","overlay-gradient":""}},"footnotes":""},"categories":[63],"tags":[],"class_list":["post-13681","post","type-post","status-publish","format-standard","hentry","category-i3-i-i4"],"post_mailing_queue_ids":[],"_links":{"self":[{"href":"https:\/\/agora.xtec.cat\/iebarnola\/wp-json\/wp\/v2\/posts\/13681","targetHints":{"allow":["GET"]}}],"collection":[{"href":"https:\/\/agora.xtec.cat\/iebarnola\/wp-json\/wp\/v2\/posts"}],"about":[{"href":"https:\/\/agora.xtec.cat\/iebarnola\/wp-json\/wp\/v2\/types\/post"}],"author":[{"embeddable":true,"href":"https:\/\/agora.xtec.cat\/iebarnola\/wp-json\/wp\/v2\/users\/1"}],"replies":[{"embeddable":true,"href":"https:\/\/agora.xtec.cat\/iebarnola\/wp-json\/wp\/v2\/comments?post=13681"}],"version-history":[{"count":3,"href":"https:\/\/agora.xtec.cat\/iebarnola\/wp-json\/wp\/v2\/posts\/13681\/revisions"}],"predecessor-version":[{"id":13701,"href":"https:\/\/agora.xtec.cat\/iebarnola\/wp-json\/wp\/v2\/posts\/13681\/revisions\/13701"}],"wp:attachment":[{"href":"https:\/\/agora.xtec.cat\/iebarnola\/wp-json\/wp\/v2\/media?parent=13681"}],"wp:term":[{"taxonomy":"category","embeddable":true,"href":"https:\/\/agora.xtec.cat\/iebarnola\/wp-json\/wp\/v2\/categories?post=13681"},{"taxonomy":"post_tag","embeddable":true,"href":"https:\/\/agora.xtec.cat\/iebarnola\/wp-json\/wp\/v2\/tags?post=13681"}],"curies":[{"name":"wp","href":"https:\/\/api.w.org\/{rel}","templated":true}]}}